{"id":1100932,"date":"2026-04-10T03:04:43","date_gmt":"2026-04-10T03:04:43","guid":{"rendered":"https:\/\/lahoratvmedia.net\/?p=1015"},"modified":"2026-04-10T03:13:08","modified_gmt":"2026-04-10T03:13:08","slug":"abinader-en-dialogo-con-mas-de-350-jovenes-en-santo-domingo-este-sobre-educacion-y-empleo-posible-acuerdo","status":"publish","type":"post","link":"https:\/\/lahoratv.infinitynexus.io\/?p=1100932","title":{"rendered":"Abinader en dialogo con m\u00e1s de 350 j\u00f3venes en Santo Domingo Este sobre educaci\u00f3n y empleo. Posible Acuerdo"},"content":{"rendered":"<p><img data-recalc-dims=\"1\" decoding=\"async\" src=\"https:\/\/i0.wp.com\/lahoratv.infinitynexus.io\/wp-content\/uploads\/2026\/04\/1773553203ra.jpg?w=640&#038;ssl=1\" alt=\"\" \/><\/p>\n<p style=\"text-align: justify;\">El presidente Luis Abinader encabez&oacute; este s&aacute;bado un encuentro conversatorio con m&aacute;s de 350 j&oacute;venes estudiantes de liceos p&uacute;blicos y colegios privados del municipio Santo Domingo Este.&nbsp;<\/p>\n<p style=\"text-align: justify;\">La iniciativa busc&oacute; estrechar los v&iacute;nculos entre el Poder Ejecutivo y la nueva generaci&oacute;n, permitiendo un intercambio directo de ideas sobre los retos y oportunidades de la juventud dominicana.&nbsp;<\/p>\n<p style=\"text-align: justify;\">Durante la jornada, el jefe de Estado escuch&oacute; de primera mano las inquietudes de los estudiantes en materia de tecnolog&iacute;a, empleo joven, sostenibilidad ambiental y acceso a la educaci&oacute;n superior.<\/p>\n<p style=\"text-align: justify;\">Abinader destac&oacute; que su gesti&oacute;n prioriza pol&iacute;ticas p&uacute;blicas que conviertan el talento de los j&oacute;venes en el motor del desarrollo nacional.<\/p>\n<p style=\"text-align: justify;\">Inversiones en educaci&oacute;n y sostenibilidad<\/p>\n<p style=\"text-align: justify;\">En su encuentro con estudiantes de Santo Domingo Este, el mandatario resalt&oacute; que su Gobierno ha impulsado la construcci&oacute;n de m&aacute;s de 140 techados en centros educativos a nivel nacional desde el inicio de su mandato, y asegur&oacute; que continuar&aacute;n ampliando estos espacios.&nbsp;<\/p>\n<p style=\"text-align: justify;\">Tambi&eacute;n inform&oacute; que se trabaja en mejorar los laboratorios, instalar pantallas digitales y fortalecer la seguridad escolar.&nbsp;<\/p>\n<p style=\"text-align: justify;\">El mandatario se&ntilde;al&oacute; adem&aacute;s que el Gobierno realiza una importante inversi&oacute;n en el saneamiento de ca&ntilde;adas que desembocan en el R&iacute;o Ozama, con el objetivo de reducir la contaminaci&oacute;n y mejorar el entorno de las comunidades y las escuelas cercanas al afluente.<\/p>\n<p style=\"text-align: justify;\">Asimismo, resalt&oacute; programas para ampliar oportunidades a los j&oacute;venes, como los planes de aprendizaje en empresas y las becas \u00abTu Futuro\u00bb.&nbsp;<\/p>\n<p style=\"text-align: justify;\">Abinader reafirm&oacute; su compromiso con una educaci&oacute;n inclusiva, la capacitaci&oacute;n docente y la ense&ntilde;anza biling&uuml;e, al tiempo que exhort&oacute; a los estudiantes a prepararse y seguir adelante pese a las dificultades.&nbsp;<\/p>\n<p style=\"text-align: justify;\">Espacio de di&aacute;logo y participaci&oacute;n juvenil<\/p>\n<p style=\"text-align: justify;\">El encuentro fue realizado en las instalaciones del Centro Deportivo y Cultural Ozama, espacio que sirvi&oacute; como punto de convergencia para estudiantes de diversas zonas del municipio.<\/p>\n<p style=\"text-align: justify;\">En este escenario, los j&oacute;venes tuvieron la oportunidad de realizar preguntas y presentar proyectos comunitarios, recibiendo respuestas directas del presidente y su equipo de trabajo.<\/p>\n","protected":false},"excerpt":{"rendered":"<p>El presidente Luis Abinader encabez&oacute; este s&aacute;bado un encuentro conversatorio con m&aacute;s de 350 j&oacute;venes estudiantes de liceos p&uacute;blicos y colegios privados del municipio Santo Domingo Este.&nbsp; La iniciativa busc&oacute; estrechar los v&iacute;nculos entre el Poder Ejecutivo y la nueva generaci&oacute;n, permitiendo un intercambio directo de ideas sobre los retos y oportunidades de la juventud [&hellip;]<\/p>\n","protected":false},"author":1,"featured_media":500015,"comment_status":"closed","ping_status":"closed","sticky":false,"template":"","format":"standard","meta":{"_jetpack_memberships_contains_paid_content":false,"footnotes":""},"categories":[22,16],"tags":[],"class_list":["post-1100932","post","type-post","status-publish","format-standard","has-post-thumbnail","hentry","category-educacion","category-portada"],"jetpack_featured_media_url":"https:\/\/i0.wp.com\/lahoratv.infinitynexus.io\/wp-content\/uploads\/2026\/04\/1773553203ra.jpg?fit=1068%2C825&ssl=1","jetpack_sharing_enabled":true,"jetpack-related-posts":[],"_links":{"self":[{"href":"https:\/\/lahoratv.infinitynexus.io\/index.php?rest_route=\/wp\/v2\/posts\/1100932","targetHints":{"allow":["GET"]}}],"collection":[{"href":"https:\/\/lahoratv.infinitynexus.io\/index.php?rest_route=\/wp\/v2\/posts"}],"about":[{"href":"https:\/\/lahoratv.infinitynexus.io\/index.php?rest_route=\/wp\/v2\/types\/post"}],"author":[{"embeddable":true,"href":"https:\/\/lahoratv.infinitynexus.io\/index.php?rest_route=\/wp\/v2\/users\/1"}],"replies":[{"embeddable":true,"href":"https:\/\/lahoratv.infinitynexus.io\/index.php?rest_route=%2Fwp%2Fv2%2Fcomments&post=1100932"}],"version-history":[{"count":1,"href":"https:\/\/lahoratv.infinitynexus.io\/index.php?rest_route=\/wp\/v2\/posts\/1100932\/revisions"}],"predecessor-version":[{"id":1101254,"href":"https:\/\/lahoratv.infinitynexus.io\/index.php?rest_route=\/wp\/v2\/posts\/1100932\/revisions\/1101254"}],"wp:featuredmedia":[{"embeddable":true,"href":"https:\/\/lahoratv.infinitynexus.io\/index.php?rest_route=\/wp\/v2\/media\/500015"}],"wp:attachment":[{"href":"https:\/\/lahoratv.infinitynexus.io\/index.php?rest_route=%2Fwp%2Fv2%2Fmedia&parent=1100932"}],"wp:term":[{"taxonomy":"category","embeddable":true,"href":"https:\/\/lahoratv.infinitynexus.io\/index.php?rest_route=%2Fwp%2Fv2%2Fcategories&post=1100932"},{"taxonomy":"post_tag","embeddable":true,"href":"https:\/\/lahoratv.infinitynexus.io\/index.php?rest_route=%2Fwp%2Fv2%2Ftags&post=1100932"}],"curies":[{"name":"wp","href":"https:\/\/api.w.org\/{rel}","templated":true}]}}