{"id":1100942,"date":"2026-04-10T03:04:43","date_gmt":"2026-04-10T03:04:43","guid":{"rendered":"https:\/\/lahoratvmedia.net\/?p=1025"},"modified":"2026-04-10T03:04:43","modified_gmt":"2026-04-10T03:04:43","slug":"reconocen-los-meritos-de-orlando-martinez-con-la-orden-al-merito-de-duarte-sanchez-y-mella","status":"publish","type":"post","link":"https:\/\/lahoratv.infinitynexus.io\/?p=1100942","title":{"rendered":"Reconocen los m\u00e9ritos de Orlando Mart\u00ednez con la Orden al M\u00e9rito de Duarte, S\u00e1nchez y Mella"},"content":{"rendered":"<p><img data-recalc-dims=\"1\" decoding=\"async\" src=\"https:\/\/i0.wp.com\/lahoratv.infinitynexus.io\/wp-content\/uploads\/2026\/04\/1773941743do-martinez.jpg?w=640&#038;ssl=1\" alt=\"\" \/><\/p>\n<p><span class=\"x1lliihq\" style=\"scrollbar-width: thin; scrollbar-color: rgba(0, 0, 0, 0.2) rgba(0, 0, 0, 0); padding: 0px; margin: 0px; font-variant-numeric: inherit; font-variant-east-asian: inherit; font-variant-alternates: inherit; font-variant-position: inherit; font-variant-emoji: inherit; font-stretch: inherit; line-height: inherit; font-family: &quot;Roboto Variable&quot;, &quot;Segoe UI&quot;, &quot;Helvetica Neue&quot;, Helvetica, &quot;Lucida Grande&quot;, Arial, Ubuntu, Cantarell, &quot;Fira Sans&quot;, sans-serif; font-optical-sizing: inherit; font-size-adjust: inherit; font-kerning: inherit; font-feature-settings: inherit; font-variation-settings: inherit; font-language-override: inherit; font-size: 14px; vertical-align: baseline; border: 0px; outline: none; display: block; color: #0a0a0a; letter-spacing: 0.16px; white-space-collapse: preserve;\">En un acto solemne encabezado por el presidente de la Rep&uacute;blica, Luis Abinader, fue reconocida de manera p&oacute;stuma la trayectoria y los m&eacute;ritos del destacado periodista Orlando Mart&iacute;nez, al ser condecorado con la Orden al M&eacute;rito de Duarte, S&aacute;nchez y Mella, una de las m&aacute;s altas distinciones otorgadas por el Estado dominicano.<\/span><\/p>\n<p><span class=\"x1lliihq\" style=\"scrollbar-width: thin; scrollbar-color: rgba(0, 0, 0, 0.2) rgba(0, 0, 0, 0); padding: 0px; margin: 0px; font-variant-numeric: inherit; font-variant-east-asian: inherit; font-variant-alternates: inherit; font-variant-position: inherit; font-variant-emoji: inherit; font-stretch: inherit; line-height: inherit; font-family: &quot;Roboto Variable&quot;, &quot;Segoe UI&quot;, &quot;Helvetica Neue&quot;, Helvetica, &quot;Lucida Grande&quot;, Arial, Ubuntu, Cantarell, &quot;Fira Sans&quot;, sans-serif; font-optical-sizing: inherit; font-size-adjust: inherit; font-kerning: inherit; font-feature-settings: inherit; font-variation-settings: inherit; font-language-override: inherit; font-size: 14px; vertical-align: baseline; border: 0px; outline: none; display: block; color: #0a0a0a; letter-spacing: 0.16px; white-space-collapse: preserve;\"> <\/span><span class=\"x1lliihq\" style=\"scrollbar-width: thin; scrollbar-color: rgba(0, 0, 0, 0.2) rgba(0, 0, 0, 0); padding: 0px; margin: 0px; font-variant-numeric: inherit; font-variant-east-asian: inherit; font-variant-alternates: inherit; font-variant-position: inherit; font-variant-emoji: inherit; font-stretch: inherit; line-height: inherit; font-family: &quot;Roboto Variable&quot;, &quot;Segoe UI&quot;, &quot;Helvetica Neue&quot;, Helvetica, &quot;Lucida Grande&quot;, Arial, Ubuntu, Cantarell, &quot;Fira Sans&quot;, sans-serif; font-optical-sizing: inherit; font-size-adjust: inherit; font-kerning: inherit; font-feature-settings: inherit; font-variation-settings: inherit; font-language-override: inherit; font-size: 14px; vertical-align: baseline; border: 0px; outline: none; display: block; color: #0a0a0a; letter-spacing: 0.16px; white-space-collapse: preserve;\">Esta condecoraci&oacute;n honra la vida, el compromiso y el legado de Orlando Mart&iacute;nez, quien se destac&oacute; por su firme defensa de la verdad, la libertad de expresi&oacute;n y los valores democr&aacute;ticos en momentos cruciales de la historia nacional. Su valent&iacute;a y &eacute;tica profesional lo convirtieron en un s&iacute;mbolo del periodismo responsable y comprometido en la Rep&uacute;blica Dominicana.<\/span><\/p>\n<p><span class=\"x1lliihq\" style=\"scrollbar-width: thin; scrollbar-color: rgba(0, 0, 0, 0.2) rgba(0, 0, 0, 0); padding: 0px; margin: 0px; font-variant-numeric: inherit; font-variant-east-asian: inherit; font-variant-alternates: inherit; font-variant-position: inherit; font-variant-emoji: inherit; font-stretch: inherit; line-height: inherit; font-family: &quot;Roboto Variable&quot;, &quot;Segoe UI&quot;, &quot;Helvetica Neue&quot;, Helvetica, &quot;Lucida Grande&quot;, Arial, Ubuntu, Cantarell, &quot;Fira Sans&quot;, sans-serif; font-optical-sizing: inherit; font-size-adjust: inherit; font-kerning: inherit; font-feature-settings: inherit; font-variation-settings: inherit; font-language-override: inherit; font-size: 14px; vertical-align: baseline; border: 0px; outline: none; display: block; color: #0a0a0a; letter-spacing: 0.16px; white-space-collapse: preserve;\"> <\/span><span class=\"x1lliihq\" style=\"scrollbar-width: thin; scrollbar-color: rgba(0, 0, 0, 0.2) rgba(0, 0, 0, 0); padding: 0px; margin: 0px; font-variant-numeric: inherit; font-variant-east-asian: inherit; font-variant-alternates: inherit; font-variant-position: inherit; font-variant-emoji: inherit; font-stretch: inherit; line-height: inherit; font-family: &quot;Roboto Variable&quot;, &quot;Segoe UI&quot;, &quot;Helvetica Neue&quot;, Helvetica, &quot;Lucida Grande&quot;, Arial, Ubuntu, Cantarell, &quot;Fira Sans&quot;, sans-serif; font-optical-sizing: inherit; font-size-adjust: inherit; font-kerning: inherit; font-feature-settings: inherit; font-variation-settings: inherit; font-language-override: inherit; font-size: 14px; vertical-align: baseline; border: 0px; outline: none; display: block; color: #0a0a0a; letter-spacing: 0.16px; white-space-collapse: preserve;\">Durante el acto, el presidente Luis Abinader resalt&oacute; que este reconocimiento no solo reivindica la memoria de un hombre &iacute;ntegro, sino que tambi&eacute;n reafirma el compromiso del Estado con la justicia, la transparencia y el respeto a los derechos fundamentales.<\/span><\/p>\n<p><span class=\"x1lliihq\" style=\"scrollbar-width: thin; scrollbar-color: rgba(0, 0, 0, 0.2) rgba(0, 0, 0, 0); padding: 0px; margin: 0px; font-variant-numeric: inherit; font-variant-east-asian: inherit; font-variant-alternates: inherit; font-variant-position: inherit; font-variant-emoji: inherit; font-stretch: inherit; line-height: inherit; font-family: &quot;Roboto Variable&quot;, &quot;Segoe UI&quot;, &quot;Helvetica Neue&quot;, Helvetica, &quot;Lucida Grande&quot;, Arial, Ubuntu, Cantarell, &quot;Fira Sans&quot;, sans-serif; font-optical-sizing: inherit; font-size-adjust: inherit; font-kerning: inherit; font-feature-settings: inherit; font-variation-settings: inherit; font-language-override: inherit; font-size: 14px; vertical-align: baseline; border: 0px; outline: none; display: block; color: #0a0a0a; letter-spacing: 0.16px; white-space-collapse: preserve;\"> <\/span><span class=\"x1lliihq\" style=\"scrollbar-width: thin; scrollbar-color: rgba(0, 0, 0, 0.2) rgba(0, 0, 0, 0); padding: 0px; margin: 0px; font-variant-numeric: inherit; font-variant-east-asian: inherit; font-variant-alternates: inherit; font-variant-position: inherit; font-variant-emoji: inherit; font-stretch: inherit; line-height: inherit; font-family: &quot;Roboto Variable&quot;, &quot;Segoe UI&quot;, &quot;Helvetica Neue&quot;, Helvetica, &quot;Lucida Grande&quot;, Arial, Ubuntu, Cantarell, &quot;Fira Sans&quot;, sans-serif; font-optical-sizing: inherit; font-size-adjust: inherit; font-kerning: inherit; font-feature-settings: inherit; font-variation-settings: inherit; font-language-override: inherit; font-size: 14px; vertical-align: baseline; border: 0px; outline: none; display: block; color: #0a0a0a; letter-spacing: 0.16px; white-space-collapse: preserve;\">En el marco de la ceremonia, el dirigente pol&iacute;tico y comunicador Guido G&oacute;mez Mazara pronunci&oacute; un emotivo discurso, en el que destac&oacute; la trascendencia hist&oacute;rica de este reconocimiento. Se&ntilde;al&oacute; que la figura de Orlando Mart&iacute;nez representa la dignidad de un pa&iacute;s que no olvida a quienes lucharon por la verdad.<\/span><\/p>\n<p><span class=\"x1lliihq\" style=\"scrollbar-width: thin; scrollbar-color: rgba(0, 0, 0, 0.2) rgba(0, 0, 0, 0); padding: 0px; margin: 0px; font-variant-numeric: inherit; font-variant-east-asian: inherit; font-variant-alternates: inherit; font-variant-position: inherit; font-variant-emoji: inherit; font-stretch: inherit; line-height: inherit; font-family: &quot;Roboto Variable&quot;, &quot;Segoe UI&quot;, &quot;Helvetica Neue&quot;, Helvetica, &quot;Lucida Grande&quot;, Arial, Ubuntu, Cantarell, &quot;Fira Sans&quot;, sans-serif; font-optical-sizing: inherit; font-size-adjust: inherit; font-kerning: inherit; font-feature-settings: inherit; font-variation-settings: inherit; font-language-override: inherit; font-size: 14px; vertical-align: baseline; border: 0px; outline: none; display: block; color: #0a0a0a; letter-spacing: 0.16px; white-space-collapse: preserve;\"> <\/span><span class=\"x1lliihq\" style=\"scrollbar-width: thin; scrollbar-color: rgba(0, 0, 0, 0.2) rgba(0, 0, 0, 0); padding: 0px; margin: 0px; font-variant-numeric: inherit; font-variant-east-asian: inherit; font-variant-alternates: inherit; font-variant-position: inherit; font-variant-emoji: inherit; font-stretch: inherit; line-height: inherit; font-family: &quot;Roboto Variable&quot;, &quot;Segoe UI&quot;, &quot;Helvetica Neue&quot;, Helvetica, &quot;Lucida Grande&quot;, Arial, Ubuntu, Cantarell, &quot;Fira Sans&quot;, sans-serif; font-optical-sizing: inherit; font-size-adjust: inherit; font-kerning: inherit; font-feature-settings: inherit; font-variation-settings: inherit; font-language-override: inherit; font-size: 14px; vertical-align: baseline; border: 0px; outline: none; display: block; color: #0a0a0a; letter-spacing: 0.16px; white-space-collapse: preserve;\">&ldquo;Este acto es m&aacute;s que una condecoraci&oacute;n; es un compromiso moral con la memoria, con la justicia y con las futuras generaciones que deben conocer el valor de la palabra libre&rdquo;, expres&oacute; Guido G&oacute;mez Mazara. <\/span><span class=\"x1lliihq\" style=\"scrollbar-width: thin; scrollbar-color: rgba(0, 0, 0, 0.2) rgba(0, 0, 0, 0); padding: 0px; margin: 0px; font-variant-numeric: inherit; font-variant-east-asian: inherit; font-variant-alternates: inherit; font-variant-position: inherit; font-variant-emoji: inherit; font-stretch: inherit; line-height: inherit; font-family: &quot;Roboto Variable&quot;, &quot;Segoe UI&quot;, &quot;Helvetica Neue&quot;, Helvetica, &quot;Lucida Grande&quot;, Arial, Ubuntu, Cantarell, &quot;Fira Sans&quot;, sans-serif; font-optical-sizing: inherit; font-size-adjust: inherit; font-kerning: inherit; font-feature-settings: inherit; font-variation-settings: inherit; font-language-override: inherit; font-size: 14px; vertical-align: baseline; border: 0px; outline: none; display: block; color: #0a0a0a; letter-spacing: 0.16px; white-space-collapse: preserve;\">Asimismo, enfatiz&oacute; que honrar a Orlando Mart&iacute;nez es reconocer el sacrificio de quienes enfrentaron la represi&oacute;n con valent&iacute;a, dejando una huella imborrable en la historia democr&aacute;tica del pa&iacute;s.<\/span><\/p>\n<p><span class=\"x1lliihq\" style=\"scrollbar-width: thin; scrollbar-color: rgba(0, 0, 0, 0.2) rgba(0, 0, 0, 0); padding: 0px; margin: 0px; font-variant-numeric: inherit; font-variant-east-asian: inherit; font-variant-alternates: inherit; font-variant-position: inherit; font-variant-emoji: inherit; font-stretch: inherit; line-height: inherit; font-family: &quot;Roboto Variable&quot;, &quot;Segoe UI&quot;, &quot;Helvetica Neue&quot;, Helvetica, &quot;Lucida Grande&quot;, Arial, Ubuntu, Cantarell, &quot;Fira Sans&quot;, sans-serif; font-optical-sizing: inherit; font-size-adjust: inherit; font-kerning: inherit; font-feature-settings: inherit; font-variation-settings: inherit; font-language-override: inherit; font-size: 14px; vertical-align: baseline; border: 0px; outline: none; display: block; color: #0a0a0a; letter-spacing: 0.16px; white-space-collapse: preserve;\"> <\/span><span style=\"scrollbar-width: thin; scrollbar-color: rgba(0, 0, 0, 0.2) rgba(0, 0, 0, 0); padding: 0px; margin: 0px; font-variant-numeric: inherit; font-variant-east-asian: inherit; font-variant-alternates: inherit; font-variant-position: inherit; font-variant-emoji: inherit; font-stretch: inherit; line-height: inherit; font-family: &quot;Roboto Variable&quot;, &quot;Segoe UI&quot;, &quot;Helvetica Neue&quot;, Helvetica, &quot;Lucida Grande&quot;, Arial, Ubuntu, Cantarell, &quot;Fira Sans&quot;, sans-serif; font-optical-sizing: inherit; font-size-adjust: inherit; font-kerning: inherit; font-feature-settings: inherit; font-variation-settings: inherit; font-language-override: inherit; font-size: 14px; vertical-align: baseline; border: 0px; outline: none; color: #0a0a0a; letter-spacing: 0.16px; white-space-collapse: preserve;\">La Orden al M&eacute;rito de Duarte, S&aacute;nchez y Mella simboliza los m&aacute;s altos ideales de la naci&oacute;n dominicana, inspirados en los valores patri&oacute;ticos de los Padres de la Patria, y su entrega a Orlando Mart&iacute;nez reafirma el compromiso de preservar la memoria hist&oacute;rica y fortalecer los principios democr&aacute;ticos. Hay que destacar que el nuevo edificio de Indotel lleva el Nombre de Orlando Martinez.<\/span><\/p>\n","protected":false},"excerpt":{"rendered":"<p>En un acto solemne encabezado por el presidente de la Rep&uacute;blica, Luis Abinader, fue reconocida de manera p&oacute;stuma la trayectoria y los m&eacute;ritos del destacado periodista Orlando Mart&iacute;nez, al ser condecorado con la Orden al M&eacute;rito de Duarte, S&aacute;nchez y Mella, una de las m&aacute;s altas distinciones otorgadas por el Estado dominicano. Esta condecoraci&oacute;n honra [&hellip;]<\/p>\n","protected":false},"author":1,"featured_media":500025,"comment_status":"closed","ping_status":"closed","sticky":false,"template":"","format":"standard","meta":{"_jetpack_memberships_contains_paid_content":false,"footnotes":""},"categories":[21],"tags":[],"class_list":["post-1100942","post","type-post","status-publish","format-standard","has-post-thumbnail","hentry","category-nacionales"],"jetpack_featured_media_url":"https:\/\/i0.wp.com\/lahoratv.infinitynexus.io\/wp-content\/uploads\/2026\/04\/1773941743do-martinez.jpg?fit=1150%2C812&ssl=1","jetpack_sharing_enabled":true,"jetpack-related-posts":[],"_links":{"self":[{"href":"https:\/\/lahoratv.infinitynexus.io\/index.php?rest_route=\/wp\/v2\/posts\/1100942","targetHints":{"allow":["GET"]}}],"collection":[{"href":"https:\/\/lahoratv.infinitynexus.io\/index.php?rest_route=\/wp\/v2\/posts"}],"about":[{"href":"https:\/\/lahoratv.infinitynexus.io\/index.php?rest_route=\/wp\/v2\/types\/post"}],"author":[{"embeddable":true,"href":"https:\/\/lahoratv.infinitynexus.io\/index.php?rest_route=\/wp\/v2\/users\/1"}],"replies":[{"embeddable":true,"href":"https:\/\/lahoratv.infinitynexus.io\/index.php?rest_route=%2Fwp%2Fv2%2Fcomments&post=1100942"}],"version-history":[{"count":0,"href":"https:\/\/lahoratv.infinitynexus.io\/index.php?rest_route=\/wp\/v2\/posts\/1100942\/revisions"}],"wp:featuredmedia":[{"embeddable":true,"href":"https:\/\/lahoratv.infinitynexus.io\/index.php?rest_route=\/wp\/v2\/media\/500025"}],"wp:attachment":[{"href":"https:\/\/lahoratv.infinitynexus.io\/index.php?rest_route=%2Fwp%2Fv2%2Fmedia&parent=1100942"}],"wp:term":[{"taxonomy":"category","embeddable":true,"href":"https:\/\/lahoratv.infinitynexus.io\/index.php?rest_route=%2Fwp%2Fv2%2Fcategories&post=1100942"},{"taxonomy":"post_tag","embeddable":true,"href":"https:\/\/lahoratv.infinitynexus.io\/index.php?rest_route=%2Fwp%2Fv2%2Ftags&post=1100942"}],"curies":[{"name":"wp","href":"https:\/\/api.w.org\/{rel}","templated":true}]}}