{"id":1100947,"date":"2026-04-10T03:04:43","date_gmt":"2026-04-10T03:04:43","guid":{"rendered":"https:\/\/lahoratvmedia.net\/?p=1030"},"modified":"2026-04-10T03:04:43","modified_gmt":"2026-04-10T03:04:43","slug":"jce-suspende-servicios-de-cedulacion-para-extranjeros-en-sd-veron-y-santiago-por-actualizacion-del-sistema","status":"publish","type":"post","link":"https:\/\/lahoratv.infinitynexus.io\/?p=1100947","title":{"rendered":"JCE suspende servicios de cedulaci\u00f3n para extranjeros en SD, Ver\u00f3n y Santiago por actualizaci\u00f3n del sistema"},"content":{"rendered":"<p><img data-recalc-dims=\"1\" decoding=\"async\" src=\"https:\/\/i0.wp.com\/lahoratv.infinitynexus.io\/wp-content\/uploads\/2026\/04\/1773964490xeXMAAiPNr.jpg?w=640&#038;ssl=1\" alt=\"\" \/><\/p>\n<p class=\"MsoNormal\">La Junta Central Electoral inform&oacute; este jueves la suspensi&oacute;n temporal de los servicios en los centros de cedulaci&oacute;n para extranjeros ubicados en Santo Domingo, Ver&oacute;n y Santiago, debido a un proceso de actualizaci&oacute;n del sistema.<\/p>\n<p class=\"MsoNormal\">A trav&eacute;s de un comunicado difundido en su cuenta de Instagram, la entidad explic&oacute; que la medida forma parte de la implementaci&oacute;n de mejoras en el sistema y forma parte del nuevo proceso de cedulaci&oacute;n dirigido a extranjeros y residentes legales en el pa&iacute;s.<\/p>\n<p class=\"MsoNormal\">&nbsp;<\/p>\n<p class=\"MsoNormal\">La instituci&oacute;n no precis&oacute; la duraci&oacute;n de la suspensi&oacute;n, pero indic&oacute; que informar&aacute; oportunamente la fecha en que ser&aacute;n reanudados los servicios.<\/p>\n","protected":false},"excerpt":{"rendered":"<p>La Junta Central Electoral inform&oacute; este jueves la suspensi&oacute;n temporal de los servicios en los centros de cedulaci&oacute;n para extranjeros ubicados en Santo Domingo, Ver&oacute;n y Santiago, debido a un proceso de actualizaci&oacute;n del sistema. A trav&eacute;s de un comunicado difundido en su cuenta de Instagram, la entidad explic&oacute; que la medida forma parte de [&hellip;]<\/p>\n","protected":false},"author":1,"featured_media":500030,"comment_status":"closed","ping_status":"closed","sticky":false,"template":"","format":"standard","meta":{"_jetpack_memberships_contains_paid_content":false,"footnotes":""},"categories":[21],"tags":[],"class_list":["post-1100947","post","type-post","status-publish","format-standard","has-post-thumbnail","hentry","category-nacionales"],"jetpack_featured_media_url":"https:\/\/i0.wp.com\/lahoratv.infinitynexus.io\/wp-content\/uploads\/2026\/04\/1773964490xeXMAAiPNr.jpg?fit=900%2C900&ssl=1","jetpack_sharing_enabled":true,"jetpack-related-posts":[],"_links":{"self":[{"href":"https:\/\/lahoratv.infinitynexus.io\/index.php?rest_route=\/wp\/v2\/posts\/1100947","targetHints":{"allow":["GET"]}}],"collection":[{"href":"https:\/\/lahoratv.infinitynexus.io\/index.php?rest_route=\/wp\/v2\/posts"}],"about":[{"href":"https:\/\/lahoratv.infinitynexus.io\/index.php?rest_route=\/wp\/v2\/types\/post"}],"author":[{"embeddable":true,"href":"https:\/\/lahoratv.infinitynexus.io\/index.php?rest_route=\/wp\/v2\/users\/1"}],"replies":[{"embeddable":true,"href":"https:\/\/lahoratv.infinitynexus.io\/index.php?rest_route=%2Fwp%2Fv2%2Fcomments&post=1100947"}],"version-history":[{"count":0,"href":"https:\/\/lahoratv.infinitynexus.io\/index.php?rest_route=\/wp\/v2\/posts\/1100947\/revisions"}],"wp:featuredmedia":[{"embeddable":true,"href":"https:\/\/lahoratv.infinitynexus.io\/index.php?rest_route=\/wp\/v2\/media\/500030"}],"wp:attachment":[{"href":"https:\/\/lahoratv.infinitynexus.io\/index.php?rest_route=%2Fwp%2Fv2%2Fmedia&parent=1100947"}],"wp:term":[{"taxonomy":"category","embeddable":true,"href":"https:\/\/lahoratv.infinitynexus.io\/index.php?rest_route=%2Fwp%2Fv2%2Fcategories&post=1100947"},{"taxonomy":"post_tag","embeddable":true,"href":"https:\/\/lahoratv.infinitynexus.io\/index.php?rest_route=%2Fwp%2Fv2%2Ftags&post=1100947"}],"curies":[{"name":"wp","href":"https:\/\/api.w.org\/{rel}","templated":true}]}}