{"id":1100976,"date":"2026-04-10T03:04:43","date_gmt":"2026-04-10T03:04:43","guid":{"rendered":"https:\/\/lahoratvmedia.net\/?p=1059"},"modified":"2026-04-10T03:04:43","modified_gmt":"2026-04-10T03:04:43","slug":"ee-uu-fijaria-el-9-de-abril-como-fecha-limite-para-el-fin-del-conflicto-con-iran","status":"publish","type":"post","link":"https:\/\/lahoratv.infinitynexus.io\/?p=1100976","title":{"rendered":"EE. UU. fijar\u00eda el 9 de abril como fecha l\u00edmite para el fin del conflicto con Ir\u00e1n"},"content":{"rendered":"<p><img data-recalc-dims=\"1\" decoding=\"async\" src=\"https:\/\/i0.wp.com\/lahoratv.infinitynexus.io\/wp-content\/uploads\/2026\/04\/1774313372163557938.jpg?w=640&#038;ssl=1\" alt=\"\" \/><\/p>\n<p class=\"MsoNormal\"><strong><span style=\"font-family: &quot;Arial&quot;,sans-serif;\">EE.UU.-<\/span><\/strong><span style=\"font-family: &quot;Arial&quot;,sans-serif;\"> El Gobierno de Estados Unidos habr&iacute;a establecido <strong><em>el pr&oacute;ximo 9 de abril como fecha l&iacute;mite para poner fin al conflicto con Ir&aacute;n,<\/em><\/strong> seg&uacute;n revel&oacute; un funcionario israel&iacute; citado por medios internacionales.<\/span><\/p>\n<p class=\"MsoNormal\"><span style=\"font-family: &quot;Arial&quot;,sans-serif;\">De acuerdo con las informaciones difundidas, se prev&eacute; que antes de esa fecha puedan iniciarse conversaciones entre Teher&aacute;n y Washington, posiblemente a finales de esta semana en Pakist&aacute;n, como parte de los esfuerzos diplom&aacute;ticos para detener la escalada militar.<\/span><\/p>\n<p class=\"MsoNormal\"><span style=\"font-family: &quot;Arial&quot;,sans-serif;\">El reporte tambi&eacute;n se&ntilde;ala que, en caso de concretarse el cese de las hostilidades, el presidente Donald Trump podr&iacute;a viajar a Israel durante la celebraci&oacute;n del D&iacute;a de la Independencia para recibir el denominado &ldquo;Premio Israel&rdquo;.<\/span><\/p>\n<p class=\"MsoNormal\"><span style=\"font-family: &quot;Arial&quot;,sans-serif;\">Las declaraciones surgen en un contexto de versiones encontradas. Mientras Trump ha asegurado p&uacute;blicamente que su administraci&oacute;n mantiene contactos con Ir&aacute;n para poner fin a la confrontaci&oacute;n, la Rep&uacute;blica Isl&aacute;mica ha negado la existencia de dichas negociaciones.<\/span><\/p>\n<p class=\"MsoNormal\"><span style=\"font-family: &quot;Arial&quot;,sans-serif;\">Asimismo, el funcionario israel&iacute; indic&oacute; que Israel estar&iacute;a buscando acercamientos indirectos con Teher&aacute;n mediante supuestos contactos con el presidente del Parlamento iran&iacute;, Mohammad Bagher Ghalibaf, como parte de una estrategia para facilitar el di&aacute;logo.<\/span><\/p>\n<p>&nbsp;<\/p>\n<p class=\"MsoNormal\"><strong><em><span style=\"font-family: &quot;Arial&quot;,sans-serif;\">Por:<\/span><\/em><\/strong><em><span style=\"font-family: &quot;Arial&quot;,sans-serif;\"> M&aacute;lvelin Plasencia&nbsp;<\/span><\/em><\/p>\n","protected":false},"excerpt":{"rendered":"<p>EE.UU.- El Gobierno de Estados Unidos habr&iacute;a establecido el pr&oacute;ximo 9 de abril como fecha l&iacute;mite para poner fin al conflicto con Ir&aacute;n, seg&uacute;n revel&oacute; un funcionario israel&iacute; citado por medios internacionales. De acuerdo con las informaciones difundidas, se prev&eacute; que antes de esa fecha puedan iniciarse conversaciones entre Teher&aacute;n y Washington, posiblemente a finales [&hellip;]<\/p>\n","protected":false},"author":1,"featured_media":500059,"comment_status":"closed","ping_status":"closed","sticky":false,"template":"","format":"standard","meta":{"_jetpack_memberships_contains_paid_content":false,"footnotes":""},"categories":[25],"tags":[],"class_list":["post-1100976","post","type-post","status-publish","format-standard","has-post-thumbnail","hentry","category-internacionales"],"jetpack_featured_media_url":"https:\/\/i0.wp.com\/lahoratv.infinitynexus.io\/wp-content\/uploads\/2026\/04\/1774313372163557938.jpg?fit=800%2C450&ssl=1","jetpack_sharing_enabled":true,"jetpack-related-posts":[],"_links":{"self":[{"href":"https:\/\/lahoratv.infinitynexus.io\/index.php?rest_route=\/wp\/v2\/posts\/1100976","targetHints":{"allow":["GET"]}}],"collection":[{"href":"https:\/\/lahoratv.infinitynexus.io\/index.php?rest_route=\/wp\/v2\/posts"}],"about":[{"href":"https:\/\/lahoratv.infinitynexus.io\/index.php?rest_route=\/wp\/v2\/types\/post"}],"author":[{"embeddable":true,"href":"https:\/\/lahoratv.infinitynexus.io\/index.php?rest_route=\/wp\/v2\/users\/1"}],"replies":[{"embeddable":true,"href":"https:\/\/lahoratv.infinitynexus.io\/index.php?rest_route=%2Fwp%2Fv2%2Fcomments&post=1100976"}],"version-history":[{"count":0,"href":"https:\/\/lahoratv.infinitynexus.io\/index.php?rest_route=\/wp\/v2\/posts\/1100976\/revisions"}],"wp:featuredmedia":[{"embeddable":true,"href":"https:\/\/lahoratv.infinitynexus.io\/index.php?rest_route=\/wp\/v2\/media\/500059"}],"wp:attachment":[{"href":"https:\/\/lahoratv.infinitynexus.io\/index.php?rest_route=%2Fwp%2Fv2%2Fmedia&parent=1100976"}],"wp:term":[{"taxonomy":"category","embeddable":true,"href":"https:\/\/lahoratv.infinitynexus.io\/index.php?rest_route=%2Fwp%2Fv2%2Fcategories&post=1100976"},{"taxonomy":"post_tag","embeddable":true,"href":"https:\/\/lahoratv.infinitynexus.io\/index.php?rest_route=%2Fwp%2Fv2%2Ftags&post=1100976"}],"curies":[{"name":"wp","href":"https:\/\/api.w.org\/{rel}","templated":true}]}}