{"id":1101016,"date":"2026-04-10T03:04:43","date_gmt":"2026-04-10T03:04:43","guid":{"rendered":"https:\/\/lahoratvmedia.net\/?p=1100"},"modified":"2026-04-10T03:04:43","modified_gmt":"2026-04-10T03:04:43","slug":"abogado-califica-de-violacion-a-la-constitucion-la-eliminacion-de-las-candidaturas-independientes","status":"publish","type":"post","link":"https:\/\/lahoratv.infinitynexus.io\/?p=1101016","title":{"rendered":"Abogado califica de violaci\u00f3n a la Constituci\u00f3n la eliminaci\u00f3n de las candidaturas independientes"},"content":{"rendered":"<p><img data-recalc-dims=\"1\" decoding=\"async\" src=\"https:\/\/i0.wp.com\/lahoratv.infinitynexus.io\/wp-content\/uploads\/2026\/04\/1774437634do-alberto-fiallo-defiende-candidaturas-independientes-y-cuestiona-limitaciones-del-sistema-politico.jpg?w=640&#038;ssl=1\" alt=\"\" \/><\/p>\n<p class=\"MsoNormal\"><strong><span style=\"font-family: &quot;Arial&quot;,sans-serif;\">Santo Domingo. &ndash;<\/span><\/strong><span style=\"font-family: &quot;Arial&quot;,sans-serif;\"> El abogado Alberto Fiallo, accionante ante el Tribunal Constitucional en defensa de las candidaturas independientes, calific&oacute; como una violaci&oacute;n a la Constituci&oacute;n y a los derechos fundamentales la eliminaci&oacute;n de los art&iacute;culos de la ley que permit&iacute;an aspirar a un puesto de elecci&oacute;n sin la necesidad de estar inscrito en un partido pol&iacute;tico.<\/span><\/p>\n<p class=\"MsoNormal\"><span style=\"font-family: &quot;Arial&quot;,sans-serif;\">Fiallo expres&oacute; que la decisi&oacute;n de los diputados fue una muestra de c&oacute;mo se violan los derechos fundamentales de las personas en el pa&iacute;s. Adem&aacute;s, una violaci&oacute;n de una sentencia del Tribunal Constitucional.<\/span><\/p>\n<p class=\"MsoNormal\"><span style=\"font-family: &quot;Arial&quot;,sans-serif;\">Asimismo, dijo esperar observaciones del Poder Ejecutivo y que el presidente tome la decisi&oacute;n m&aacute;s conveniente para el sistema democr&aacute;tico pol&iacute;tico del pa&iacute;s.<\/span><\/p>\n<p class=\"MsoNormal\"><span style=\"font-family: &quot;Arial&quot;,sans-serif;\">El jurista tambi&eacute;n afirm&oacute; que las candidaturas independientes fortalecen el sistema de partidos en lugar de debilitarlo, como han sostenido algunos l&iacute;deres pol&iacute;ticos.<\/span><\/p>\n<p class=\"MsoNormal\"><span style=\"font-family: &quot;Arial&quot;,sans-serif;\">Se recuerda que la C&aacute;mara de Diputados elimin&oacute; en su totalidad de la ley electoral los art&iacute;culos que daban espacio a la presentaci&oacute;n de candidaturas fuera de los partidos pol&iacute;ticos.<\/span><\/p>\n<p>&nbsp;<\/p>\n<p class=\"MsoNormal\"><strong><em><span style=\"font-family: &quot;Arial&quot;,sans-serif;\">Por:<\/span><\/em><\/strong><em><span style=\"font-family: &quot;Arial&quot;,sans-serif;\"> M&aacute;lvelin Plasencia&nbsp;<\/span><\/em><\/p>\n","protected":false},"excerpt":{"rendered":"<p>Santo Domingo. &ndash; El abogado Alberto Fiallo, accionante ante el Tribunal Constitucional en defensa de las candidaturas independientes, calific&oacute; como una violaci&oacute;n a la Constituci&oacute;n y a los derechos fundamentales la eliminaci&oacute;n de los art&iacute;culos de la ley que permit&iacute;an aspirar a un puesto de elecci&oacute;n sin la necesidad de estar inscrito en un partido [&hellip;]<\/p>\n","protected":false},"author":1,"featured_media":500100,"comment_status":"closed","ping_status":"closed","sticky":false,"template":"","format":"standard","meta":{"_jetpack_memberships_contains_paid_content":false,"footnotes":""},"categories":[21],"tags":[],"class_list":["post-1101016","post","type-post","status-publish","format-standard","has-post-thumbnail","hentry","category-nacionales"],"jetpack_featured_media_url":"https:\/\/i0.wp.com\/lahoratv.infinitynexus.io\/wp-content\/uploads\/2026\/04\/1774437634do-alberto-fiallo-defiende-candidaturas-independientes-y-cuestiona-limitaciones-del-sistema-politico.jpg?fit=1280%2C853&ssl=1","jetpack_sharing_enabled":true,"jetpack-related-posts":[],"_links":{"self":[{"href":"https:\/\/lahoratv.infinitynexus.io\/index.php?rest_route=\/wp\/v2\/posts\/1101016","targetHints":{"allow":["GET"]}}],"collection":[{"href":"https:\/\/lahoratv.infinitynexus.io\/index.php?rest_route=\/wp\/v2\/posts"}],"about":[{"href":"https:\/\/lahoratv.infinitynexus.io\/index.php?rest_route=\/wp\/v2\/types\/post"}],"author":[{"embeddable":true,"href":"https:\/\/lahoratv.infinitynexus.io\/index.php?rest_route=\/wp\/v2\/users\/1"}],"replies":[{"embeddable":true,"href":"https:\/\/lahoratv.infinitynexus.io\/index.php?rest_route=%2Fwp%2Fv2%2Fcomments&post=1101016"}],"version-history":[{"count":0,"href":"https:\/\/lahoratv.infinitynexus.io\/index.php?rest_route=\/wp\/v2\/posts\/1101016\/revisions"}],"wp:featuredmedia":[{"embeddable":true,"href":"https:\/\/lahoratv.infinitynexus.io\/index.php?rest_route=\/wp\/v2\/media\/500100"}],"wp:attachment":[{"href":"https:\/\/lahoratv.infinitynexus.io\/index.php?rest_route=%2Fwp%2Fv2%2Fmedia&parent=1101016"}],"wp:term":[{"taxonomy":"category","embeddable":true,"href":"https:\/\/lahoratv.infinitynexus.io\/index.php?rest_route=%2Fwp%2Fv2%2Fcategories&post=1101016"},{"taxonomy":"post_tag","embeddable":true,"href":"https:\/\/lahoratv.infinitynexus.io\/index.php?rest_route=%2Fwp%2Fv2%2Ftags&post=1101016"}],"curies":[{"name":"wp","href":"https:\/\/api.w.org\/{rel}","templated":true}]}}