{"id":1101045,"date":"2026-04-10T03:04:43","date_gmt":"2026-04-10T03:04:43","guid":{"rendered":"https:\/\/lahoratvmedia.net\/?p=1130"},"modified":"2026-04-10T03:04:43","modified_gmt":"2026-04-10T03:04:43","slug":"joven-paraplejica-espanola-recibira-la-eutanasia-este-jueves","status":"publish","type":"post","link":"https:\/\/lahoratv.infinitynexus.io\/?p=1101045","title":{"rendered":"Joven parapl\u00e9jica espa\u00f1ola recibir\u00e1 la eutanasia este jueves"},"content":{"rendered":"<p><img data-recalc-dims=\"1\" decoding=\"async\" src=\"https:\/\/i0.wp.com\/lahoratv.infinitynexus.io\/wp-content\/uploads\/2026\/04\/1774545965a-en-vilo-por-la-eutanasia-de-noelia-castillo-da99cd76-focus-0-0-896-504.jpg?w=640&#038;ssl=1\" alt=\"\" \/><\/p>\n<p class=\"MsoNormal\"><strong><span style=\"font-size: 12.0pt; line-height: 107%; font-family: &quot;Arial&quot;,sans-serif;\">Espa&ntilde;a. &#8211;<\/span><\/strong><span style=\"font-size: 12.0pt; line-height: 107%; font-family: &quot;Arial&quot;,sans-serif;\"> Noelia Castillo, joven parapl&eacute;jica de 25 a&ntilde;os recibir&aacute; la eutanasia este jueves en Barcelona tras un extenso proceso de solicitud que lleva casi dos a&ntilde;os atravesando despachos, tribunales y titulares.<\/span><\/p>\n<p class=\"MsoNormal\"><span style=\"font-size: 12.0pt; line-height: 107%; font-family: &quot;Arial&quot;,sans-serif;\">La ejecuci&oacute;n est&aacute; prevista para realizarse a las 6:00 de la tarde en un centro hospitalario, en una jornada que no solo marca el desenlace de una historia personal, sino que tambi&eacute;n reaviva el debate &eacute;tico, legal y social sobre la eutanasia, en un pa&iacute;s donde esta pr&aacute;ctica es legal, pero sigue generando profundas divisiones.<\/span><\/p>\n<p class=\"MsoNormal\"><span style=\"font-size: 12.0pt; line-height: 107%; font-family: &quot;Arial&quot;,sans-serif;\">El proceso judicial se origin&oacute; a ra&iacute;z de una querella presentada por abogados cristianos contra dos profesionales que evaluaron el caso, acusados de supuestas irregularidades en sus informes, como delitos de falsedad en documento p&uacute;blico y prevaricaci&oacute;n, alegando que ambos profesionales \u00absimularon un desacuerdo que en realidad era ficticio\u00bb.<\/span><\/p>\n<p class=\"MsoNormal\"><span style=\"font-size: 12.0pt; line-height: 107%; font-family: &quot;Arial&quot;,sans-serif;\">El caso se ha convertido en uno de los m&aacute;s emblem&aacute;ticos sobre el derecho a morir dignamente desde la aprobaci&oacute;n de la ley en 2021.<\/span><\/p>\n<p class=\"MsoNormal\"><span style=\"font-size: 12.0pt; line-height: 107%; font-family: &quot;Arial&quot;,sans-serif;\">Castillo qued&oacute; parapl&eacute;jica tras un intento de suicidio en 2022, en medio de una historia marcada por traumas personales y dolor cr&oacute;nico. Durante el proceso, permaneci&oacute; en un centro sociosanitario enfrentando sufrimiento f&iacute;sico y psicol&oacute;gico mientras defend&iacute;a su decisi&oacute;n de poner fin a su vida.<\/span><\/p>\n<p class=\"MsoNormal\"><span style=\"font-size: 12.0pt; line-height: 107%; font-family: &quot;Arial&quot;,sans-serif;\">La joven expres&oacute; su agotamiento tras una prolongada espera, afirmando que ya no pod&iacute;a continuar en esas condiciones, en un testimonio que ha tenido amplia repercusi&oacute;n p&uacute;blica y medi&aacute;tica en Espa&ntilde;a.<\/span><\/p>\n<p class=\"MsoNormal\"><strong><span style=\"font-size: 12.0pt; line-height: 107%; font-family: &quot;Arial&quot;,sans-serif;\">La justicia ha descartado de nuevo paralizar la eutanasia de Noelia<\/span><\/strong><\/p>\n<p class=\"MsoNormal\"><span style=\"font-size: 12.0pt; line-height: 107%; font-family: &quot;Arial&quot;,sans-serif;\">La entidad, que durante a&ntilde;o y medio ha representado a su padre en su batalla judicial para impedir su muerte asistida, ha solicitado medidas cautelares por tercera vez ante el juzgado de instrucci&oacute;n n&uacute;mero 20 de Barcelona, para descartar el proceso apenas unas horas antes de que se le practique, al desestimar las medidas cautelares que ha planteado &laquo;in extremis&raquo; la fundaci&oacute;n ultracat&oacute;lica Abogados Cristianos.<strong> <\/strong><\/span><\/p>\n<p class=\"MsoNormal\"><span style=\"font-size: 12.0pt; line-height: 107%; font-family: &quot;Arial&quot;,sans-serif;\">El procedimiento ha estado marcado hasta el &uacute;ltimo momento por una fuerte carga emocional y medi&aacute;tica, al tratarse de un caso que combina violencia previa, discapacidad irreversible y un intenso conflicto judicial en torno a su autonom&iacute;a personal.<\/span><\/p>\n<p>&nbsp;<\/p>\n<p class=\"MsoNormal\"><strong><em><span style=\"font-size: 12.0pt; line-height: 107%; font-family: &quot;Arial&quot;,sans-serif;\">Por:<\/span><\/em><\/strong><em><span style=\"font-size: 12.0pt; line-height: 107%; font-family: &quot;Arial&quot;,sans-serif;\"> M&aacute;lvelin Plasencia&nbsp;<\/span><\/em><\/p>\n","protected":false},"excerpt":{"rendered":"<p>Espa&ntilde;a. &#8211; Noelia Castillo, joven parapl&eacute;jica de 25 a&ntilde;os recibir&aacute; la eutanasia este jueves en Barcelona tras un extenso proceso de solicitud que lleva casi dos a&ntilde;os atravesando despachos, tribunales y titulares. La ejecuci&oacute;n est&aacute; prevista para realizarse a las 6:00 de la tarde en un centro hospitalario, en una jornada que no solo marca [&hellip;]<\/p>\n","protected":false},"author":1,"featured_media":500130,"comment_status":"closed","ping_status":"closed","sticky":false,"template":"","format":"standard","meta":{"_jetpack_memberships_contains_paid_content":false,"footnotes":""},"categories":[25],"tags":[],"class_list":["post-1101045","post","type-post","status-publish","format-standard","has-post-thumbnail","hentry","category-internacionales"],"jetpack_featured_media_url":"https:\/\/i0.wp.com\/lahoratv.infinitynexus.io\/wp-content\/uploads\/2026\/04\/1774545965a-en-vilo-por-la-eutanasia-de-noelia-castillo-da99cd76-focus-0-0-896-504.jpg?fit=896%2C504&ssl=1","jetpack_sharing_enabled":true,"jetpack-related-posts":[],"_links":{"self":[{"href":"https:\/\/lahoratv.infinitynexus.io\/index.php?rest_route=\/wp\/v2\/posts\/1101045","targetHints":{"allow":["GET"]}}],"collection":[{"href":"https:\/\/lahoratv.infinitynexus.io\/index.php?rest_route=\/wp\/v2\/posts"}],"about":[{"href":"https:\/\/lahoratv.infinitynexus.io\/index.php?rest_route=\/wp\/v2\/types\/post"}],"author":[{"embeddable":true,"href":"https:\/\/lahoratv.infinitynexus.io\/index.php?rest_route=\/wp\/v2\/users\/1"}],"replies":[{"embeddable":true,"href":"https:\/\/lahoratv.infinitynexus.io\/index.php?rest_route=%2Fwp%2Fv2%2Fcomments&post=1101045"}],"version-history":[{"count":0,"href":"https:\/\/lahoratv.infinitynexus.io\/index.php?rest_route=\/wp\/v2\/posts\/1101045\/revisions"}],"wp:featuredmedia":[{"embeddable":true,"href":"https:\/\/lahoratv.infinitynexus.io\/index.php?rest_route=\/wp\/v2\/media\/500130"}],"wp:attachment":[{"href":"https:\/\/lahoratv.infinitynexus.io\/index.php?rest_route=%2Fwp%2Fv2%2Fmedia&parent=1101045"}],"wp:term":[{"taxonomy":"category","embeddable":true,"href":"https:\/\/lahoratv.infinitynexus.io\/index.php?rest_route=%2Fwp%2Fv2%2Fcategories&post=1101045"},{"taxonomy":"post_tag","embeddable":true,"href":"https:\/\/lahoratv.infinitynexus.io\/index.php?rest_route=%2Fwp%2Fv2%2Ftags&post=1101045"}],"curies":[{"name":"wp","href":"https:\/\/api.w.org\/{rel}","templated":true}]}}