{"id":1101055,"date":"2026-04-10T03:04:43","date_gmt":"2026-04-10T03:04:43","guid":{"rendered":"https:\/\/lahoratvmedia.net\/?p=1140"},"modified":"2026-04-10T03:04:43","modified_gmt":"2026-04-10T03:04:43","slug":"buque-hospital-llevara-atencion-medica-a-municipios-del-pacifico-colombiano","status":"publish","type":"post","link":"https:\/\/lahoratv.infinitynexus.io\/?p=1101055","title":{"rendered":"Buque hospital llevar\u00e1 atenci\u00f3n m\u00e9dica a municipios del Pac\u00edfico colombiano"},"content":{"rendered":"<p><img data-recalc-dims=\"1\" decoding=\"async\" src=\"https:\/\/i0.wp.com\/lahoratv.infinitynexus.io\/admonlahorsmedios\/photos_noticia\/1774575158s_%2816%29.jpg?w=640&#038;ssl=1\" alt=\"\" \/><\/p>\n<p class=\"MsoNormal\"><span style=\"font-family: &quot;Arial&quot;,sans-serif;\">El buque hospital &lsquo;Benkos Bioh&oacute;&lsquo; zarp&oacute; este jueves desde el puerto colombiano de Buenaventura con el objetivo de llevar atenci&oacute;n m&eacute;dica a 22 municipios costeros del Pac&iacute;fico, en una iniciativa del Gobierno para garantizar el acceso a la salud para comunidades con dificultades de conectividad.<\/span><\/p>\n<p class=\"MsoNormal\"><span style=\"font-family: &quot;Arial&quot;,sans-serif;\">El coordinador m&eacute;dico del barco, Samy Qui&ntilde;ones, explic&oacute; que la participaci&oacute;n en esta iniciativa representa <em>&laquo;m&aacute;s que un orgullo, una felicidad infinita&raquo;,<\/em> al poder llegar a territorios donde el acceso a la salud es limitado y los ciudadanos tienen dificultades para recibir atenci&oacute;n de mediana y alta complejidad.<\/span><\/p>\n<p class=\"MsoNormal\"><span style=\"font-family: &quot;Arial&quot;,sans-serif;\">La embarcaci&oacute;n, dise&ntilde;ada para navegaci&oacute;n costera y fluvial, recorrer&aacute; territorios de los departamentos de Valle del Cauca, Cauca y Nari&ntilde;o, en los que esperan beneficiar a decenas de miles de personas que hist&oacute;ricamente han enfrentado barreras geogr&aacute;ficas y de infraestructura para recibir atenci&oacute;n m&eacute;dica oportuna.<\/span><\/p>\n<p class=\"MsoNormal\"><strong><span style=\"font-family: &quot;Arial&quot;,sans-serif;\">Recorrido y beneficiarios<\/span><\/strong><\/p>\n<p class=\"MsoNormal\"><span style=\"font-family: &quot;Arial&quot;,sans-serif;\">Qui&ntilde;ones se&ntilde;al&oacute; que el equipo m&eacute;dico implementar&aacute; un modelo de atenci&oacute;n preventivo, predictivo y resolutivo, con el prop&oacute;sito de cerrar brechas en los servicios y mejorar los indicadores de mortalidad en estas regiones.<\/span><\/p>\n<p class=\"MsoNormal\"><span style=\"font-family: &quot;Arial&quot;,sans-serif;\">Seg&uacute;n indic&oacute;, el buque cuenta con un quir&oacute;fano donde se llevar&aacute;n a cabo procedimientos quir&uacute;rgicos, con apoyo diagn&oacute;stico que incluye radiolog&iacute;a, ecograf&iacute;a y mamograf&iacute;a para la detecci&oacute;n temprana de c&aacute;ncer de mama.<\/span><\/p>\n<p class=\"MsoNormal\"><span style=\"font-family: &quot;Arial&quot;,sans-serif;\">La embarcaci&oacute;n tambi&eacute;n dispone de un laboratorio de citolog&iacute;a y equipos para realizar colposcopias, con el fin de detectar oportunamente el c&aacute;ncer de cuello uterino.<\/span><\/p>\n<p class=\"MsoNormal\"><span style=\"font-family: &quot;Arial&quot;,sans-serif;\">La secretaria de Salud del Cauca, Carolina Camargo, asegur&oacute; que con la puesta en marcha del buque se espera atender a m&aacute;s de 70.000 personas<\/span><\/p>\n<p class=\"MsoNormal\"><span style=\"font-family: &quot;Arial&quot;,sans-serif;\">Camargo detall&oacute; que en el Cauca la embarcaci&oacute;n llegar&aacute; a municipios &laquo;estrat&eacute;gicos&raquo; como L&oacute;pez de Micay, Guapi y Timbiqu&iacute;.<\/span><\/p>\n<p class=\"MsoNormal\"><span style=\"font-family: &quot;Arial&quot;,sans-serif;\">La funcionaria tambi&eacute;n indic&oacute; que en estos territorios se brindar&aacute; atenci&oacute;n a mujeres embarazadas y se llevar&aacute;n a cabo ces&aacute;reas de emergencia y otros procedimientos como mamograf&iacute;as, radiograf&iacute;as, ecograf&iacute;as.<\/span><\/p>\n<p class=\"MsoNormal\"><span style=\"font-family: &quot;Arial&quot;,sans-serif;\">Igualmente, habr&aacute; otros servicios especializados que, en muchos casos, no est&aacute;n disponibles en la regi&oacute;n.<\/span><\/p>\n<p class=\"MsoNormal\"><strong><span style=\"font-family: &quot;Arial&quot;,sans-serif;\">Capacidades del Buque<\/span><\/strong><\/p>\n<p class=\"MsoNormal\"><span style=\"font-family: &quot;Arial&quot;,sans-serif;\">El capit&aacute;n del buque hospital, Jorge Eliecer L&oacute;pez Castillo, destac&oacute; que la embarcaci&oacute;n les permitir&aacute; llegar a &laquo;r&iacute;os, zonas costeras y fronteras del pa&iacute;s donde la salud es prioritaria y muchas personas no han tenido la oportunidad de recibir atenci&oacute;n m&eacute;dica&raquo;.<\/span><\/p>\n<p class=\"MsoNormal\"><span style=\"font-family: &quot;Arial&quot;,sans-serif;\">De acuerdo con L&oacute;pez, el barco tiene capacidad para 35 personas, incluidos 10 tripulantes, y cuenta con una eslora de 39,9 metros, una manga de 9,46 metros y un calado de 1,5 metros, lo que le permite desplazarse tanto en zonas costeras como llegar a comunidades fluviales.<\/span><\/p>\n<p class=\"MsoNormal\"><span style=\"font-family: &quot;Arial&quot;,sans-serif;\">La enfermera Lucy Paola Hinestroza hizo un llamado a las comunidades para que acudan a los servicios que ofrecer&aacute; el buque hospital, y se&ntilde;al&oacute; que se contar&aacute; con especialidades como pediatr&iacute;a, ginecolog&iacute;a y optometr&iacute;a, entre otras, con el objetivo de brindar atenci&oacute;n integral a la poblaci&oacute;n.<\/span><\/p>\n<p>&nbsp;<\/p>\n<p class=\"MsoNormal\"><strong><em><span style=\"font-family: &quot;Arial&quot;,sans-serif;\">Por:<\/span><\/em><\/strong><em><span style=\"font-family: &quot;Arial&quot;,sans-serif;\"> M&aacute;lvelin Plasencia&nbsp;<\/span><\/em><\/p>\n","protected":false},"excerpt":{"rendered":"<p>El buque hospital &lsquo;Benkos Bioh&oacute;&lsquo; zarp&oacute; este jueves desde el puerto colombiano de Buenaventura con el objetivo de llevar atenci&oacute;n m&eacute;dica a 22 municipios costeros del Pac&iacute;fico, en una iniciativa del Gobierno para garantizar el acceso a la salud para comunidades con dificultades de conectividad. El coordinador m&eacute;dico del barco, Samy Qui&ntilde;ones, explic&oacute; que la [&hellip;]<\/p>\n","protected":false},"author":1,"featured_media":500140,"comment_status":"closed","ping_status":"closed","sticky":false,"template":"","format":"standard","meta":{"_jetpack_memberships_contains_paid_content":false,"footnotes":""},"categories":[25],"tags":[],"class_list":["post-1101055","post","type-post","status-publish","format-standard","has-post-thumbnail","hentry","category-internacionales"],"jetpack_featured_media_url":"","jetpack_sharing_enabled":true,"jetpack-related-posts":[],"_links":{"self":[{"href":"https:\/\/lahoratv.infinitynexus.io\/index.php?rest_route=\/wp\/v2\/posts\/1101055","targetHints":{"allow":["GET"]}}],"collection":[{"href":"https:\/\/lahoratv.infinitynexus.io\/index.php?rest_route=\/wp\/v2\/posts"}],"about":[{"href":"https:\/\/lahoratv.infinitynexus.io\/index.php?rest_route=\/wp\/v2\/types\/post"}],"author":[{"embeddable":true,"href":"https:\/\/lahoratv.infinitynexus.io\/index.php?rest_route=\/wp\/v2\/users\/1"}],"replies":[{"embeddable":true,"href":"https:\/\/lahoratv.infinitynexus.io\/index.php?rest_route=%2Fwp%2Fv2%2Fcomments&post=1101055"}],"version-history":[{"count":0,"href":"https:\/\/lahoratv.infinitynexus.io\/index.php?rest_route=\/wp\/v2\/posts\/1101055\/revisions"}],"wp:featuredmedia":[{"embeddable":true,"href":"https:\/\/lahoratv.infinitynexus.io\/index.php?rest_route=\/"}],"wp:attachment":[{"href":"https:\/\/lahoratv.infinitynexus.io\/index.php?rest_route=%2Fwp%2Fv2%2Fmedia&parent=1101055"}],"wp:term":[{"taxonomy":"category","embeddable":true,"href":"https:\/\/lahoratv.infinitynexus.io\/index.php?rest_route=%2Fwp%2Fv2%2Fcategories&post=1101055"},{"taxonomy":"post_tag","embeddable":true,"href":"https:\/\/lahoratv.infinitynexus.io\/index.php?rest_route=%2Fwp%2Fv2%2Ftags&post=1101055"}],"curies":[{"name":"wp","href":"https:\/\/api.w.org\/{rel}","templated":true}]}}