{"id":1101057,"date":"2026-04-10T03:04:43","date_gmt":"2026-04-10T03:04:43","guid":{"rendered":"https:\/\/lahoratvmedia.net\/?p=1142"},"modified":"2026-04-10T03:04:43","modified_gmt":"2026-04-10T03:04:43","slug":"muere-joven-durante-liposuccion-en-clinica-estetica-de-santiago-denuncian-irregularidades-y-exigen-justicia","status":"publish","type":"post","link":"https:\/\/lahoratv.infinitynexus.io\/?p=1101057","title":{"rendered":"Muere joven durante liposucci\u00f3n en cl\u00ednica est\u00e9tica de Santiago; denuncian irregularidades y exigen justicia"},"content":{"rendered":"<p><img data-recalc-dims=\"1\" height=\"480\" width=\"640\" decoding=\"async\" src=\"https:\/\/i0.wp.com\/lahoratv.infinitynexus.io\/admonlahorsmedios\/photos_noticia\/1774576383-joven-durante-liposuccion-en-clinica-estetica-de-Santiago-denuncian-irregularidades-y-exigen-justicia-1024x768.jpg?resize=640%2C480&#038;ssl=1\" alt=\"\" \/><\/p>\n<p class=\"MsoNormal\"><strong><span style=\"font-family: &quot;Arial&quot;,sans-serif;\">Santiago.&ndash;<\/span><\/strong><span style=\"font-family: &quot;Arial&quot;,sans-serif;\"> La muerte de una joven de 32 a&ntilde;os, identificada como Ang&eacute;lica Geraldin Hern&aacute;ndez, durante un procedimiento de liposucci&oacute;n en una cl&iacute;nica est&eacute;tica del sector Los Jardines, ha desatado indignaci&oacute;n y fuertes cuestionamientos por parte de sus familiares, quienes denuncian posibles irregularidades en el manejo del caso.<\/span><\/p>\n<p class=\"MsoNormal\"><span style=\"font-family: &quot;Arial&quot;,sans-serif;\">Hern&aacute;ndez, residente en Santiago Oeste, se somet&iacute;a por primera vez a una cirug&iacute;a est&eacute;tica en el centro conocido como Diosa, ubicado en la calle Rep&uacute;blica del L&iacute;bano. <\/span><\/p>\n<p class=\"MsoNormal\"><span style=\"font-family: &quot;Arial&quot;,sans-serif;\">Seg&uacute;n relat&oacute; su prima, &Aacute;mbar S&aacute;nchez, la familia fue contactada por el personal del centro indic&aacute;ndoles que la paciente se hab&iacute;a complicado. Sin embargo, al llegar al lugar, les informaron que ya hab&iacute;a fallecido, sin ofrecer explicaciones claras sobre lo ocurrido.<\/span><\/p>\n<p class=\"MsoNormal\"><span style=\"font-family: &quot;Arial&quot;,sans-serif;\">A esta situaci&oacute;n se suma un elemento que ha generado a&uacute;n m&aacute;s preocupaci&oacute;n: en las afueras del establecimiento se observa un letrero borroso. El mismo, aparentemente, indicar&iacute;a que el centro estaba cerrado previamente por el Ministerio de Salud P&uacute;blica, lo que levanta interrogantes sobre las condiciones en que operaba.<\/span><\/p>\n<p class=\"MsoNormal\"><span style=\"font-family: &quot;Arial&quot;,sans-serif;\">Por su parte, el padre de la v&iacute;ctima, Jos&eacute; Eduardo Hern&aacute;ndez, denunci&oacute; que durante la ma&ntilde;ana y parte del mediod&iacute;a el centro solicitaba con urgencia donaciones de sangre y dinero, mientras &mdash;seg&uacute;n presume&mdash; su hija ya habr&iacute;a fallecido.<\/span><\/p>\n<p class=\"MsoNormal\"><span style=\"font-family: &quot;Arial&quot;,sans-serif;\">Los familiares insisten en que no han recibido informaci&oacute;n precisa sobre si se aplicaron los protocolos m&eacute;dicos adecuados. <\/span><\/p>\n<p class=\"MsoNormal\"><span style=\"font-family: &quot;Arial&quot;,sans-serif;\">Hasta el momento, las autoridades de salud y organismos correspondientes han iniciado las investigaciones, mientras el caso permanece en desarrollo.<\/span><\/p>\n<p class=\"MsoNormal\"><span style=\"font-family: &quot;Arial&quot;,sans-serif;\">La familia, en medio del dolor, exige transparencia, respuestas y justicia.<\/span><\/p>\n<p class=\"MsoNormal\"><strong><em><span style=\"font-family: &quot;Arial&quot;,sans-serif;\">Por:<\/span><\/em><\/strong><em><span style=\"font-family: &quot;Arial&quot;,sans-serif;\"> M&aacute;lvelin Plasencia <\/span><\/em><\/p>\n<p class=\"MsoNormal\"><span style=\"font-family: &quot;Arial&quot;,sans-serif;\">&nbsp;<\/span><\/p>\n<p class=\"MsoNormal\"><span style=\"font-family: &quot;Arial&quot;,sans-serif;\">&nbsp;<\/span><\/p>\n<p>&nbsp;<\/p>\n<p class=\"MsoNormal\"><span style=\"font-family: &quot;Arial&quot;,sans-serif;\">&nbsp;<\/span><\/p>\n","protected":false},"excerpt":{"rendered":"<p>Santiago.&ndash; La muerte de una joven de 32 a&ntilde;os, identificada como Ang&eacute;lica Geraldin Hern&aacute;ndez, durante un procedimiento de liposucci&oacute;n en una cl&iacute;nica est&eacute;tica del sector Los Jardines, ha desatado indignaci&oacute;n y fuertes cuestionamientos por parte de sus familiares, quienes denuncian posibles irregularidades en el manejo del caso. Hern&aacute;ndez, residente en Santiago Oeste, se somet&iacute;a por [&hellip;]<\/p>\n","protected":false},"author":1,"featured_media":500142,"comment_status":"closed","ping_status":"closed","sticky":false,"template":"","format":"standard","meta":{"_jetpack_memberships_contains_paid_content":false,"footnotes":""},"categories":[21],"tags":[],"class_list":["post-1101057","post","type-post","status-publish","format-standard","has-post-thumbnail","hentry","category-nacionales"],"jetpack_featured_media_url":"","jetpack_sharing_enabled":true,"jetpack-related-posts":[],"_links":{"self":[{"href":"https:\/\/lahoratv.infinitynexus.io\/index.php?rest_route=\/wp\/v2\/posts\/1101057","targetHints":{"allow":["GET"]}}],"collection":[{"href":"https:\/\/lahoratv.infinitynexus.io\/index.php?rest_route=\/wp\/v2\/posts"}],"about":[{"href":"https:\/\/lahoratv.infinitynexus.io\/index.php?rest_route=\/wp\/v2\/types\/post"}],"author":[{"embeddable":true,"href":"https:\/\/lahoratv.infinitynexus.io\/index.php?rest_route=\/wp\/v2\/users\/1"}],"replies":[{"embeddable":true,"href":"https:\/\/lahoratv.infinitynexus.io\/index.php?rest_route=%2Fwp%2Fv2%2Fcomments&post=1101057"}],"version-history":[{"count":0,"href":"https:\/\/lahoratv.infinitynexus.io\/index.php?rest_route=\/wp\/v2\/posts\/1101057\/revisions"}],"wp:featuredmedia":[{"embeddable":true,"href":"https:\/\/lahoratv.infinitynexus.io\/index.php?rest_route=\/"}],"wp:attachment":[{"href":"https:\/\/lahoratv.infinitynexus.io\/index.php?rest_route=%2Fwp%2Fv2%2Fmedia&parent=1101057"}],"wp:term":[{"taxonomy":"category","embeddable":true,"href":"https:\/\/lahoratv.infinitynexus.io\/index.php?rest_route=%2Fwp%2Fv2%2Fcategories&post=1101057"},{"taxonomy":"post_tag","embeddable":true,"href":"https:\/\/lahoratv.infinitynexus.io\/index.php?rest_route=%2Fwp%2Fv2%2Ftags&post=1101057"}],"curies":[{"name":"wp","href":"https:\/\/api.w.org\/{rel}","templated":true}]}}