{"id":1101075,"date":"2026-04-10T03:04:43","date_gmt":"2026-04-10T03:04:43","guid":{"rendered":"https:\/\/lahoratvmedia.net\/?p=1160"},"modified":"2026-04-10T03:04:43","modified_gmt":"2026-04-10T03:04:43","slug":"disney-rodara-tangled-en-espana-tras-una-primera-version-de-dibujos-animados","status":"publish","type":"post","link":"https:\/\/lahoratv.infinitynexus.io\/?p=1101075","title":{"rendered":"Disney rodar\u00e1 &#8216;Tangled&#8217; en Espa\u00f1a tras una primera versi\u00f3n de dibujos animados"},"content":{"rendered":"<p><img data-recalc-dims=\"1\" decoding=\"async\" src=\"https:\/\/i0.wp.com\/lahoratv.infinitynexus.io\/admonlahorsmedios\/photos_noticia\/1774659330483-85ad-4257-8d36-7b0ca73f5833_alta-libre-aspect-ratio_default_0_x600y233.jpg?w=640&#038;ssl=1\" alt=\"\" \/><\/p>\n<p class=\"MsoNormal\"><strong><span style=\"font-family: &quot;Arial&quot;,sans-serif;\">Alicante.-<\/span><\/strong><span style=\"font-family: &quot;Arial&quot;,sans-serif;\"> La multinacional audiovisual Disney rodar&aacute; en la regi&oacute;n valenciana (este espa&ntilde;ol) la pr&oacute;xima superproducci&oacute;n cinematogr&aacute;fica &lsquo;Tangled&rsquo;, adaptaci&oacute;n de una pel&iacute;cula anterior de dibujos animados de igual nombre (2010).<\/span><\/p>\n<p class=\"MsoNormal\"><span style=\"font-family: &quot;Arial&quot;,sans-serif;\">El presidente regional, Juan Francisco P&eacute;rez Llorca, anunci&oacute; este viernes que unos momentos antes se hab&iacute;a cerrado &laquo;una nueva inversi&oacute;n importante&raquo;, en alusi&oacute;n a la nueva versi&oacute;n, que se filmar&aacute; en los plat&oacute;s de Ciudad de la Luz de Alicante, entre otros lugares.<\/span><\/p>\n<p class=\"MsoNormal\"><strong><span style=\"font-family: &quot;Arial&quot;,sans-serif;\">Nueva producci&oacute;n en Alicante<\/span><\/strong><\/p>\n<p class=\"MsoNormal\"><span style=\"font-family: &quot;Arial&quot;,sans-serif;\">La historia se basa en un popular cuento de los Hermanos Grimm protagonizado por Rapunzel, una princesa de melena rubia que da nombre al relato y que est&aacute; encerrada en una torre por una bruja.<\/span><\/p>\n<p class=\"MsoNormal\"><strong><span style=\"font-family: &quot;Arial&quot;,sans-serif;\">Detalles de la pel&iacute;cula<\/span><\/strong><\/p>\n<p class=\"MsoNormal\"><span style=\"font-family: &quot;Arial&quot;,sans-serif;\">La versi&oacute;n animada fue dirigida por Nathan Greno y Byron Howard, con m&uacute;sica de Alan Menken.<\/span><\/p>\n<p>&nbsp;<\/p>\n<p class=\"MsoNormal\"><strong><em><span style=\"font-family: &quot;Arial&quot;,sans-serif;\">Por: <\/span><\/em><\/strong><em><span style=\"font-family: &quot;Arial&quot;,sans-serif;\">M&aacute;lvelin Plasencia&nbsp;<\/span><\/em><span style=\"font-family: &quot;Arial&quot;,sans-serif;\"><\/span><\/p>\n","protected":false},"excerpt":{"rendered":"<p>Alicante.- La multinacional audiovisual Disney rodar&aacute; en la regi&oacute;n valenciana (este espa&ntilde;ol) la pr&oacute;xima superproducci&oacute;n cinematogr&aacute;fica &lsquo;Tangled&rsquo;, adaptaci&oacute;n de una pel&iacute;cula anterior de dibujos animados de igual nombre (2010). El presidente regional, Juan Francisco P&eacute;rez Llorca, anunci&oacute; este viernes que unos momentos antes se hab&iacute;a cerrado &laquo;una nueva inversi&oacute;n importante&raquo;, en alusi&oacute;n a la nueva [&hellip;]<\/p>\n","protected":false},"author":1,"featured_media":500160,"comment_status":"closed","ping_status":"closed","sticky":false,"template":"","format":"standard","meta":{"_jetpack_memberships_contains_paid_content":false,"footnotes":""},"categories":[34],"tags":[],"class_list":["post-1101075","post","type-post","status-publish","format-standard","has-post-thumbnail","hentry","category-cine"],"jetpack_featured_media_url":"","jetpack_sharing_enabled":true,"jetpack-related-posts":[],"_links":{"self":[{"href":"https:\/\/lahoratv.infinitynexus.io\/index.php?rest_route=\/wp\/v2\/posts\/1101075","targetHints":{"allow":["GET"]}}],"collection":[{"href":"https:\/\/lahoratv.infinitynexus.io\/index.php?rest_route=\/wp\/v2\/posts"}],"about":[{"href":"https:\/\/lahoratv.infinitynexus.io\/index.php?rest_route=\/wp\/v2\/types\/post"}],"author":[{"embeddable":true,"href":"https:\/\/lahoratv.infinitynexus.io\/index.php?rest_route=\/wp\/v2\/users\/1"}],"replies":[{"embeddable":true,"href":"https:\/\/lahoratv.infinitynexus.io\/index.php?rest_route=%2Fwp%2Fv2%2Fcomments&post=1101075"}],"version-history":[{"count":0,"href":"https:\/\/lahoratv.infinitynexus.io\/index.php?rest_route=\/wp\/v2\/posts\/1101075\/revisions"}],"wp:featuredmedia":[{"embeddable":true,"href":"https:\/\/lahoratv.infinitynexus.io\/index.php?rest_route=\/"}],"wp:attachment":[{"href":"https:\/\/lahoratv.infinitynexus.io\/index.php?rest_route=%2Fwp%2Fv2%2Fmedia&parent=1101075"}],"wp:term":[{"taxonomy":"category","embeddable":true,"href":"https:\/\/lahoratv.infinitynexus.io\/index.php?rest_route=%2Fwp%2Fv2%2Fcategories&post=1101075"},{"taxonomy":"post_tag","embeddable":true,"href":"https:\/\/lahoratv.infinitynexus.io\/index.php?rest_route=%2Fwp%2Fv2%2Ftags&post=1101075"}],"curies":[{"name":"wp","href":"https:\/\/api.w.org\/{rel}","templated":true}]}}