{"id":1101103,"date":"2026-04-10T03:04:43","date_gmt":"2026-04-10T03:04:43","guid":{"rendered":"https:\/\/lahoratvmedia.net\/?p=1188"},"modified":"2026-04-10T03:04:43","modified_gmt":"2026-04-10T03:04:43","slug":"se-cumple-un-ano-de-la-desaparicion-roldany-calderon","status":"publish","type":"post","link":"https:\/\/lahoratv.infinitynexus.io\/?p=1101103","title":{"rendered":"Se cumple un a\u00f1o de la desaparici\u00f3n Roldany Calder\u00f3n"},"content":{"rendered":"<p><img data-recalc-dims=\"1\" decoding=\"async\" src=\"https:\/\/i0.wp.com\/lahoratv.infinitynexus.io\/admonlahorsmedios\/photos_noticia\/17748833226af-6691-4834-9897-4810fa465343.jpg?w=640&#038;ssl=1\" alt=\"\" \/><\/p>\n<p class=\"MsoNormal\"><span style=\"font-size: 12.0pt; line-height: 107%; font-family: &quot;Arial&quot;,sans-serif;\">Este lunes 30 de marzo se cumple un a&ntilde;o de la desaparici&oacute;n del ni&ntilde;o Roldany Calder&oacute;n en la comunidad La Ci&eacute;naga, perteneciente al Distrito Municipal Manabao, ubicado en Jarabacoa, provincia La Vega.<\/span><\/p>\n<p class=\"MsoNormal\"><span style=\"font-size: 12.0pt; line-height: 107%; font-family: &quot;Arial&quot;,sans-serif;\">Han pasado 365 d&iacute;as de incertidumbre, dolor y preguntas sin respuesta, en un caso que conmovi&oacute; a toda la Rep&uacute;blica Dominicana, pero que hoy parece haber quedado en el silencio. <\/span><\/p>\n<p class=\"MsoNormal\"><span style=\"font-size: 12.0pt; line-height: 107%; font-family: &quot;Arial&quot;,sans-serif;\">La desaparici&oacute;n de Roldany gener&oacute; una intensa movilizaci&oacute;n en los primeros meses; sin embargo, con el paso de los d&iacute;as, las pistas se fueron agotando y el caso comenz&oacute; a perder visibilidad y a la atenci&oacute;n de las autoridades. <\/span><\/p>\n<p class=\"MsoNormal\"><span style=\"font-size: 12.0pt; line-height: 107%; font-family: &quot;Arial&quot;,sans-serif;\">Familiares mantienen la esperanza de encontrarlo con vida y reiteran el llamado a los agentes a no detener las pesquisas, al tiempo que solicitan la colaboraci&oacute;n de la ciudadan&iacute;a para cualquier informaci&oacute;n que pueda ayudar a esclarecer el caso. <\/span><\/p>\n<p>&nbsp;<\/p>\n<p class=\"MsoNormal\"><strong><em><span style=\"font-size: 12.0pt; line-height: 107%; font-family: &quot;Arial&quot;,sans-serif;\">Por:<\/span><\/em><\/strong><em><span style=\"font-size: 12.0pt; line-height: 107%; font-family: &quot;Arial&quot;,sans-serif;\"> M&aacute;lvelin Plasencia&nbsp;<\/span><\/em><\/p>\n","protected":false},"excerpt":{"rendered":"<p>Este lunes 30 de marzo se cumple un a&ntilde;o de la desaparici&oacute;n del ni&ntilde;o Roldany Calder&oacute;n en la comunidad La Ci&eacute;naga, perteneciente al Distrito Municipal Manabao, ubicado en Jarabacoa, provincia La Vega. Han pasado 365 d&iacute;as de incertidumbre, dolor y preguntas sin respuesta, en un caso que conmovi&oacute; a toda la Rep&uacute;blica Dominicana, pero que [&hellip;]<\/p>\n","protected":false},"author":1,"featured_media":500188,"comment_status":"closed","ping_status":"closed","sticky":false,"template":"","format":"standard","meta":{"_jetpack_memberships_contains_paid_content":false,"footnotes":""},"categories":[21],"tags":[],"class_list":["post-1101103","post","type-post","status-publish","format-standard","has-post-thumbnail","hentry","category-nacionales"],"jetpack_featured_media_url":"","jetpack_sharing_enabled":true,"jetpack-related-posts":[],"_links":{"self":[{"href":"https:\/\/lahoratv.infinitynexus.io\/index.php?rest_route=\/wp\/v2\/posts\/1101103","targetHints":{"allow":["GET"]}}],"collection":[{"href":"https:\/\/lahoratv.infinitynexus.io\/index.php?rest_route=\/wp\/v2\/posts"}],"about":[{"href":"https:\/\/lahoratv.infinitynexus.io\/index.php?rest_route=\/wp\/v2\/types\/post"}],"author":[{"embeddable":true,"href":"https:\/\/lahoratv.infinitynexus.io\/index.php?rest_route=\/wp\/v2\/users\/1"}],"replies":[{"embeddable":true,"href":"https:\/\/lahoratv.infinitynexus.io\/index.php?rest_route=%2Fwp%2Fv2%2Fcomments&post=1101103"}],"version-history":[{"count":0,"href":"https:\/\/lahoratv.infinitynexus.io\/index.php?rest_route=\/wp\/v2\/posts\/1101103\/revisions"}],"wp:featuredmedia":[{"embeddable":true,"href":"https:\/\/lahoratv.infinitynexus.io\/index.php?rest_route=\/"}],"wp:attachment":[{"href":"https:\/\/lahoratv.infinitynexus.io\/index.php?rest_route=%2Fwp%2Fv2%2Fmedia&parent=1101103"}],"wp:term":[{"taxonomy":"category","embeddable":true,"href":"https:\/\/lahoratv.infinitynexus.io\/index.php?rest_route=%2Fwp%2Fv2%2Fcategories&post=1101103"},{"taxonomy":"post_tag","embeddable":true,"href":"https:\/\/lahoratv.infinitynexus.io\/index.php?rest_route=%2Fwp%2Fv2%2Ftags&post=1101103"}],"curies":[{"name":"wp","href":"https:\/\/api.w.org\/{rel}","templated":true}]}}