{"id":1101117,"date":"2026-04-10T03:04:43","date_gmt":"2026-04-10T03:04:43","guid":{"rendered":"https:\/\/lahoratvmedia.net\/?p=1202"},"modified":"2026-04-10T03:04:43","modified_gmt":"2026-04-10T03:04:43","slug":"gobierno-invertira-mas-de-us-20-millones-en-teleferico-de-puerto-plata","status":"publish","type":"post","link":"https:\/\/lahoratv.infinitynexus.io\/?p=1101117","title":{"rendered":"Gobierno invertir\u00e1 m\u00e1s de US$20 millones en telef\u00e9rico de Puerto Plata"},"content":{"rendered":"<p><img data-recalc-dims=\"1\" decoding=\"async\" src=\"https:\/\/i0.wp.com\/lahoratv.infinitynexus.io\/wp-content\/uploads\/2026\/04\/1774924161erico4-1024x683-1.jpeg?w=640&#038;ssl=1\" alt=\"\" \/><\/p>\n<p class=\"MsoNormal\">E<span style=\"font-family: &quot;Arial&quot;,sans-serif;\">l Gobierno anunci&oacute; la rehabilitaci&oacute;n integral del Telef&eacute;rico de Puerto Plata, con una inversi&oacute;n superior a los 20 millones de d&oacute;lares, destinada a modernizar esta infraestructura tur&iacute;stica clave y mejorar su capacidad operativa.<\/span><\/p>\n<p class=\"MsoNormal\"><span style=\"font-family: &quot;Arial&quot;,sans-serif;\">El proyecto fue presentado por el ministro de la Presidencia, Jos&eacute; Ignacio Paliza, y el ministro de Turismo, David Collado, quienes informaron que los fondos provendr&aacute;n del Ministerio de Turismo (Mitur) y del Instituto Dominicano de Aviaci&oacute;n Civil (IDAC).<\/span><\/p>\n<p class=\"MsoNormal\"><span style=\"font-family: &quot;Arial&quot;,sans-serif;\">La iniciativa contempla tres componentes principales: estudios y dise&ntilde;os, ejecuci&oacute;n de obras y montaje del sistema, as&iacute; como la construcci&oacute;n de una l&iacute;nea de abastecimiento el&eacute;ctrico para garantizar su funcionamiento.<\/span><\/p>\n<p class=\"MsoNormal\"><span style=\"font-family: &quot;Arial&quot;,sans-serif;\">Entre las mejoras, se incluye la modernizaci&oacute;n de las cabinas, que aumentar&aacute;n su capacidad de 18 a 50 pasajeros, lo que permitir&aacute; transportar m&aacute;s visitantes en menos tiempo. Asimismo, el recorrido ser&aacute; reducido de 8 a 5 minutos, con un sistema electromec&aacute;nico m&aacute;s eficiente.<\/span><\/p>\n<p class=\"MsoNormal\"><span style=\"font-family: &quot;Arial&quot;,sans-serif;\">Las autoridades indicaron que la intervenci&oacute;n responde, en parte, a la necesidad de reforzar la seguridad del sistema, lo que ha implicado su cierre temporal, una medida que ha generado inquietud entre residentes y comerciantes de la zona.<\/span><\/p>\n<p class=\"MsoNormal\"><span style=\"font-family: &quot;Arial&quot;,sans-serif;\">El proyecto tambi&eacute;n contempla la adecuaci&oacute;n de las estaciones con criterios de accesibilidad y la intervenci&oacute;n de la plaza de vendedores, en un proceso que, seg&uacute;n las autoridades, buscar&aacute; evitar el desplazamiento de trabajadores.<\/span><\/p>\n<p class=\"MsoNormal\"><span style=\"font-family: &quot;Arial&quot;,sans-serif;\">La obra ser&aacute; ejecutada bajo la coordinaci&oacute;n de la Unidad Ejecutora para la Readecuaci&oacute;n de Barrios y Entornos (URBE) y tendr&aacute; un plazo estimado de 18 meses tras la adjudicaci&oacute;n de la licitaci&oacute;n.<\/span><\/p>\n<p class=\"MsoNormal\"><span style=\"font-family: &quot;Arial&quot;,sans-serif;\">El Telef&eacute;rico de Puerto Plata, inaugurado en 1975, conecta la ciudad con la Loma Isabel de Torres, uno de los principales atractivos tur&iacute;sticos de la provincia, y ser&aacute; intervenido por primera vez de manera integral desde su apertura.<\/span><\/p>\n<p class=\"MsoNormal\"><strong><em><span style=\"font-family: &quot;Arial&quot;,sans-serif;\">Por:<\/span><\/em><\/strong><em><span style=\"font-family: &quot;Arial&quot;,sans-serif;\"> M&aacute;lvelin Plasencia<\/span><\/em><\/p>\n<p class=\"MsoNormal\"><em><span style=\"font-family: &quot;Arial&quot;,sans-serif;\">&nbsp;<\/span><\/em><\/p>\n<p class=\"MsoNormal\"><em><span style=\"font-family: &quot;Arial&quot;,sans-serif;\">&nbsp;<\/span><\/em><\/p>\n<p>&nbsp;<\/p>\n<p class=\"MsoNormal\"><em><span style=\"font-family: &quot;Arial&quot;,sans-serif;\">&nbsp;<\/span><\/em><\/p>\n","protected":false},"excerpt":{"rendered":"<p>El Gobierno anunci&oacute; la rehabilitaci&oacute;n integral del Telef&eacute;rico de Puerto Plata, con una inversi&oacute;n superior a los 20 millones de d&oacute;lares, destinada a modernizar esta infraestructura tur&iacute;stica clave y mejorar su capacidad operativa. El proyecto fue presentado por el ministro de la Presidencia, Jos&eacute; Ignacio Paliza, y el ministro de Turismo, David Collado, quienes informaron [&hellip;]<\/p>\n","protected":false},"author":1,"featured_media":500202,"comment_status":"closed","ping_status":"closed","sticky":false,"template":"","format":"standard","meta":{"_jetpack_memberships_contains_paid_content":false,"footnotes":""},"categories":[10],"tags":[],"class_list":["post-1101117","post","type-post","status-publish","format-standard","has-post-thumbnail","hentry","category-economia"],"jetpack_featured_media_url":"https:\/\/i0.wp.com\/lahoratv.infinitynexus.io\/wp-content\/uploads\/2026\/04\/1774924161erico4-1024x683-1.jpeg?fit=1024%2C683&ssl=1","jetpack_sharing_enabled":true,"jetpack-related-posts":[],"_links":{"self":[{"href":"https:\/\/lahoratv.infinitynexus.io\/index.php?rest_route=\/wp\/v2\/posts\/1101117","targetHints":{"allow":["GET"]}}],"collection":[{"href":"https:\/\/lahoratv.infinitynexus.io\/index.php?rest_route=\/wp\/v2\/posts"}],"about":[{"href":"https:\/\/lahoratv.infinitynexus.io\/index.php?rest_route=\/wp\/v2\/types\/post"}],"author":[{"embeddable":true,"href":"https:\/\/lahoratv.infinitynexus.io\/index.php?rest_route=\/wp\/v2\/users\/1"}],"replies":[{"embeddable":true,"href":"https:\/\/lahoratv.infinitynexus.io\/index.php?rest_route=%2Fwp%2Fv2%2Fcomments&post=1101117"}],"version-history":[{"count":0,"href":"https:\/\/lahoratv.infinitynexus.io\/index.php?rest_route=\/wp\/v2\/posts\/1101117\/revisions"}],"wp:featuredmedia":[{"embeddable":true,"href":"https:\/\/lahoratv.infinitynexus.io\/index.php?rest_route=\/wp\/v2\/media\/500202"}],"wp:attachment":[{"href":"https:\/\/lahoratv.infinitynexus.io\/index.php?rest_route=%2Fwp%2Fv2%2Fmedia&parent=1101117"}],"wp:term":[{"taxonomy":"category","embeddable":true,"href":"https:\/\/lahoratv.infinitynexus.io\/index.php?rest_route=%2Fwp%2Fv2%2Fcategories&post=1101117"},{"taxonomy":"post_tag","embeddable":true,"href":"https:\/\/lahoratv.infinitynexus.io\/index.php?rest_route=%2Fwp%2Fv2%2Ftags&post=1101117"}],"curies":[{"name":"wp","href":"https:\/\/api.w.org\/{rel}","templated":true}]}}