{"id":1101127,"date":"2026-04-10T03:04:43","date_gmt":"2026-04-10T03:04:43","guid":{"rendered":"https:\/\/lahoratvmedia.net\/?p=1212"},"modified":"2026-04-10T03:04:43","modified_gmt":"2026-04-10T03:04:43","slug":"cancer-de-colon-segunda-causa-de-muerte-en-el-mundo-y-en-aumento-entre-jovenes-del-pais","status":"publish","type":"post","link":"https:\/\/lahoratv.infinitynexus.io\/?p=1101127","title":{"rendered":"C\u00e1ncer de colon: segunda causa de muerte en el mundo y en aumento entre j\u00f3venes del pa\u00eds"},"content":{"rendered":"<p><img data-recalc-dims=\"1\" decoding=\"async\" src=\"https:\/\/i0.wp.com\/lahoratv.infinitynexus.io\/wp-content\/uploads\/2026\/04\/1774976302r-Sidney-900x654_1.jpg?w=640&#038;ssl=1\" alt=\"\" \/><\/p>\n<p class=\"MsoNormal\"><strong><span style=\"font-size: 12.0pt; line-height: 107%; font-family: &quot;Arial&quot;,sans-serif;\">Santo Domingo.-<\/span><\/strong><span style=\"font-size: 12.0pt; line-height: 107%; font-family: &quot;Arial&quot;,sans-serif;\"> El c&aacute;ncer de colon se ha convertido en la segunda causa de muerte por c&aacute;ncer a nivel mundial, una realidad que tambi&eacute;n se refleja en Rep&uacute;blica Dominicana, donde la incidencia y prevalencia mantienen cifras elevadas.<\/span><\/p>\n<p class=\"MsoNormal\"><span style=\"font-size: 12.0pt; line-height: 107%; font-family: &quot;Arial&quot;,sans-serif;\">As&iacute; lo advirti&oacute; el gastroenter&oacute;logo Sidney Espinosa, del Instituto Nacional del C&aacute;ncer Rosa Emilia S&aacute;nchez P&eacute;rez de Tavares (Incart), quien alert&oacute; que su aparici&oacute;n es cada vez m&aacute;s frecuente en personas j&oacute;venes.<\/span><\/p>\n<p class=\"MsoNormal\"><span style=\"font-size: 12.0pt; line-height: 107%; font-family: &quot;Arial&quot;,sans-serif;\">De acuerdo con el especialista, las estad&iacute;sticas m&aacute;s recientes reportan 1,782 casos en 2022 en el pa&iacute;s, con una incidencia de 8.8% y una prevalencia acumulada de 51,000 casos en los &uacute;ltimos cinco a&ntilde;os.<\/span><\/p>\n<p class=\"MsoNormal\"><span style=\"font-size: 12.0pt; line-height: 107%; font-family: &quot;Arial&quot;,sans-serif;\">A nivel global, cada a&ntilde;o se diagnostican alrededor de 1.9 millones de casos de c&aacute;ncer de colon, de los cuales 900,000 pacientes fallecen, lo que lo posiciona como uno de los tumores m&aacute;s letales.<\/span><\/p>\n<p class=\"MsoNormal\"><span style=\"font-size: 12.0pt; line-height: 107%; font-family: &quot;Arial&quot;,sans-serif;\">&ldquo;Es el tercer c&aacute;ncer m&aacute;s frecuente, despu&eacute;s del de mama y pr&oacute;stata, pero su alta mortalidad es lo que m&aacute;s preocupa&rdquo;, explic&oacute; Espinosa a El D&iacute;a, que conmemorarse hoy el D&iacute;a Mundial de la lucha contra el C&aacute;ncer de Colon.<\/span><\/p>\n<p class=\"MsoNormal\"><span style=\"font-size: 12.0pt; line-height: 107%; font-family: &quot;Arial&quot;,sans-serif;\">Adem&aacute;s, recalc&oacute; que la tendencia es ascendente, ya que se proyecta que para el a&ntilde;o 2030 los casos podr&iacute;an alcanzar los 2.2 millones a nivel mundial.<\/span><\/p>\n<p class=\"MsoNormal\"><span style=\"font-size: 12.0pt; line-height: 107%; font-family: &quot;Arial&quot;,sans-serif;\">En el caso particular del Incart, desde el 2023 al 2025, se diagnosticaron 247 casos, distribuidos 55 en 2023, 106 en 2024 y 86, ocupando la quinta posici&oacute;n en incidencia en ese centro de salud especializado en salud oncol&oacute;gica.<\/span><\/p>\n<p class=\"MsoNormal\"><strong><span style=\"font-size: 12.0pt; line-height: 107%; font-family: &quot;Arial&quot;,sans-serif;\">Cada vez m&aacute;s casos en j&oacute;venes<\/span><\/strong><\/p>\n<p class=\"MsoNormal\"><span style=\"font-size: 12.0pt; line-height: 107%; font-family: &quot;Arial&quot;,sans-serif;\">Insisti&oacute; en que uno de los puntos que m&aacute;s preocupa a los especialistas es el cambio en el perfil de los pacientes.<\/span><\/p>\n<p class=\"MsoNormal\"><em><span style=\"font-size: 12.0pt; line-height: 107%; font-family: &quot;Arial&quot;,sans-serif;\">&ldquo;Antes era una enfermedad de adultos mayores, a partir de los 65 a&ntilde;os. Ahora estamos viendo casos en personas menores de 40 e incluso de 45 a&ntilde;os&rdquo;,<\/span><\/em><span style=\"font-size: 12.0pt; line-height: 107%; font-family: &quot;Arial&quot;,sans-serif;\"> se&ntilde;al&oacute;.<\/span><\/p>\n<p class=\"MsoNormal\"><span style=\"font-size: 12.0pt; line-height: 107%; font-family: &quot;Arial&quot;,sans-serif;\">Ante esta realidad, recomend&oacute; realizarse una colonoscop&iacute;a a partir de los 45 a&ntilde;os, o antes si existen antecedentes familiares.<\/span><\/p>\n<p class=\"MsoNormal\"><strong><span style=\"font-size: 12.0pt; line-height: 107%; font-family: &quot;Arial&quot;,sans-serif;\">Factores de riesgo: m&aacute;s all&aacute; de la herencia<\/span><\/strong><\/p>\n<p class=\"MsoNormal\"><span style=\"font-size: 12.0pt; line-height: 107%; font-family: &quot;Arial&quot;,sans-serif;\">Aunque el factor gen&eacute;tico influye, solo representa aproximadamente el 10 % de los casos, asociado a mutaciones como la del cromosoma APC.<\/span><\/p>\n<p class=\"MsoNormal\"><span style=\"font-size: 12.0pt; line-height: 107%; font-family: &quot;Arial&quot;,sans-serif;\">En cambio, los factores modificables tienen un peso determinante, entre los que se encuentran consumo de comida ultraprocesada (rica en az&uacute;cares, grasas, sal y aditivos), dieta alta en carnes rojas, sedentarismo, obesidad, alteraciones de la microbiota intestinal y estre&ntilde;imiento cr&oacute;nico.<\/span><\/p>\n<p class=\"MsoNormal\"><em><span style=\"font-size: 12.0pt; line-height: 107%; font-family: &quot;Arial&quot;,sans-serif;\">&ldquo;El problema es que muchos alimentos contienen aditivos y colorantes que pueden ser carcin&oacute;genos. Si ves etiquetas con muchos ingredientes que no entiendes, es una se&ntilde;al de alerta&rdquo;, <\/span><\/em><span style=\"font-size: 12.0pt; line-height: 107%; font-family: &quot;Arial&quot;,sans-serif;\">sostuvo.<\/span><\/p>\n<p class=\"MsoNormal\"><span style=\"font-size: 12.0pt; line-height: 107%; font-family: &quot;Arial&quot;,sans-serif;\">En ese sentido manifest&oacute; que el aumento del c&aacute;ncer de colon est&aacute; estrechamente relacionado con la alimentaci&oacute;n moderna.<\/span><\/p>\n<p class=\"MsoNormal\"><strong><span style=\"font-size: 12.0pt; line-height: 107%; font-family: &quot;Arial&quot;,sans-serif;\">Microbiota y alimentaci&oacute;n: clave en la prevenci&oacute;n<\/span><\/strong><\/p>\n<p class=\"MsoNormal\"><span style=\"font-size: 12.0pt; line-height: 107%; font-family: &quot;Arial&quot;,sans-serif;\">El tambi&eacute;n pasado presidente de la Sociedad Dominicana de Gastroenterolog&iacute;a explic&oacute; que la alteraci&oacute;n de la microbiota intestinal puede generar sustancias t&oacute;xicas que favorecen el desarrollo del c&aacute;ncer.<\/span><\/p>\n<p class=\"MsoNormal\"><span style=\"font-size: 12.0pt; line-height: 107%; font-family: &quot;Arial&quot;,sans-serif;\">Para contrarrestarlo, recomend&oacute; aumentar el consumo de fibra, como la soluble, esto es, frutas y vegetales; insoluble, granos y frutos secos, as&iacute; como incluir alimentos con bacterias beneficiosas como yogur y k&eacute;fir y mantener una buena hidrataci&oacute;n.<\/span><\/p>\n<p class=\"MsoNormal\"><span style=\"font-size: 12.0pt; line-height: 107%; font-family: &quot;Arial&quot;,sans-serif;\">A esto se suma controlar enfermedades como diabetes, beber suficiente agua y realizarse chequeos m&eacute;dicos peri&oacute;dicos.<\/span><\/p>\n<p class=\"MsoNormal\"><span style=\"font-size: 12.0pt; line-height: 107%; font-family: &quot;Arial&quot;,sans-serif;\">Estas pr&aacute;cticas favorecen la producci&oacute;n de &aacute;cido but&iacute;rico, una sustancia que protege el colon y reduce la inflamaci&oacute;n.<\/span><\/p>\n<p class=\"MsoNormal\"><strong><span style=\"font-size: 12.0pt; line-height: 107%; font-family: &quot;Arial&quot;,sans-serif;\">Detecci&oacute;n temprana salva vidas<\/span><\/strong><\/p>\n<p class=\"MsoNormal\"><span style=\"font-size: 12.0pt; line-height: 107%; font-family: &quot;Arial&quot;,sans-serif;\">Entre las se&ntilde;ales de alerta del c&aacute;ncer de colon figuran cambios en el h&aacute;bito intestinal, sangrado en las heces, p&eacute;rdida de peso, dolor abdominal, sensaci&oacute;n de evacuaci&oacute;n incompleta y anemia por falta de hierro.<\/span><\/p>\n<p class=\"MsoNormal\"><span style=\"font-size: 12.0pt; line-height: 107%; font-family: &quot;Arial&quot;,sans-serif;\">El especialista enfatiz&oacute; que la colonoscop&iacute;a no solo detecta el c&aacute;ncer, sino que tambi&eacute;n permite prevenirlo mediante la extracci&oacute;n de p&oacute;lipos.<\/span><\/p>\n<p class=\"MsoNormal\"><em><span style=\"font-size: 12.0pt; line-height: 107%; font-family: &quot;Arial&quot;,sans-serif;\">&ldquo;La sobrevida del c&aacute;ncer de colon en etapa temprana es de un 95 %, pero cuando est&aacute; avanzado baja a 15&ndash;20 %&rdquo;,<\/span><\/em><span style=\"font-size: 12.0pt; line-height: 107%; font-family: &quot;Arial&quot;,sans-serif;\"> subray&oacute;.<\/span><\/p>\n<p class=\"MsoNormal\"><span style=\"font-size: 12.0pt; line-height: 107%; font-family: &quot;Arial&quot;,sans-serif;\">Procedimientos como la polipectom&iacute;a y la mucosectom&iacute;a permiten eliminar lesiones antes de que evolucionen a c&aacute;ncer, evitando cirug&iacute;as mayores.<\/span><\/p>\n<p class=\"MsoNormal\"><strong><span style=\"font-size: 12.0pt; line-height: 107%; font-family: &quot;Arial&quot;,sans-serif;\">Hombres y mujeres: riesgo similar<\/span><\/strong><\/p>\n<p class=\"MsoNormal\"><span style=\"font-size: 12.0pt; line-height: 107%; font-family: &quot;Arial&quot;,sans-serif;\">Aunque anteriormente era m&aacute;s com&uacute;n en hombres, actualmente la incidencia entre ambos sexos es pr&aacute;cticamente igual.<\/span><\/p>\n<p class=\"MsoNormal\"><em><span style=\"font-size: 12.0pt; line-height: 107%; font-family: &quot;Arial&quot;,sans-serif;\">&ldquo;Ya no se puede considerar una enfermedad de hombres. Tanto hombres como mujeres deben hacerse su colonoscop&iacute;a&rdquo;,<\/span><\/em><span style=\"font-size: 12.0pt; line-height: 107%; font-family: &quot;Arial&quot;,sans-serif;\"> indic&oacute;.<\/span><\/p>\n<p class=\"MsoNormal\"><span style=\"font-size: 12.0pt; line-height: 107%; font-family: &quot;Arial&quot;,sans-serif;\">El especialista del Incart enfatiz&oacute; en la importancia de la concienciaci&oacute;n y el diagn&oacute;stico precoz.<\/span><\/p>\n<p class=\"MsoNormal\"><em><span style=\"font-size: 12.0pt; line-height: 107%; font-family: &quot;Arial&quot;,sans-serif;\">&ldquo;El c&aacute;ncer de colon es prevenible y tratable si se detecta a tiempo. La colonoscop&iacute;a puede salvar vidas&rdquo;,<\/span><\/em><span style=\"font-size: 12.0pt; line-height: 107%; font-family: &quot;Arial&quot;,sans-serif;\"> dijo.<\/span><\/p>\n<p>&nbsp;<\/p>\n<p class=\"MsoNormal\"><strong><em><span style=\"font-size: 12.0pt; line-height: 107%; font-family: &quot;Arial&quot;,sans-serif;\">Por:<\/span><\/em><\/strong><em><span style=\"font-size: 12.0pt; line-height: 107%; font-family: &quot;Arial&quot;,sans-serif;\"> M&aacute;lvelin Plasencia&nbsp;<\/span><\/em><\/p>\n","protected":false},"excerpt":{"rendered":"<p>Santo Domingo.- El c&aacute;ncer de colon se ha convertido en la segunda causa de muerte por c&aacute;ncer a nivel mundial, una realidad que tambi&eacute;n se refleja en Rep&uacute;blica Dominicana, donde la incidencia y prevalencia mantienen cifras elevadas. As&iacute; lo advirti&oacute; el gastroenter&oacute;logo Sidney Espinosa, del Instituto Nacional del C&aacute;ncer Rosa Emilia S&aacute;nchez P&eacute;rez de Tavares [&hellip;]<\/p>\n","protected":false},"author":1,"featured_media":500212,"comment_status":"closed","ping_status":"closed","sticky":false,"template":"","format":"standard","meta":{"_jetpack_memberships_contains_paid_content":false,"footnotes":""},"categories":[21],"tags":[],"class_list":["post-1101127","post","type-post","status-publish","format-standard","has-post-thumbnail","hentry","category-nacionales"],"jetpack_featured_media_url":"https:\/\/i0.wp.com\/lahoratv.infinitynexus.io\/wp-content\/uploads\/2026\/04\/1774976302r-Sidney-900x654_1.jpg?fit=900%2C654&ssl=1","jetpack_sharing_enabled":true,"jetpack-related-posts":[],"_links":{"self":[{"href":"https:\/\/lahoratv.infinitynexus.io\/index.php?rest_route=\/wp\/v2\/posts\/1101127","targetHints":{"allow":["GET"]}}],"collection":[{"href":"https:\/\/lahoratv.infinitynexus.io\/index.php?rest_route=\/wp\/v2\/posts"}],"about":[{"href":"https:\/\/lahoratv.infinitynexus.io\/index.php?rest_route=\/wp\/v2\/types\/post"}],"author":[{"embeddable":true,"href":"https:\/\/lahoratv.infinitynexus.io\/index.php?rest_route=\/wp\/v2\/users\/1"}],"replies":[{"embeddable":true,"href":"https:\/\/lahoratv.infinitynexus.io\/index.php?rest_route=%2Fwp%2Fv2%2Fcomments&post=1101127"}],"version-history":[{"count":0,"href":"https:\/\/lahoratv.infinitynexus.io\/index.php?rest_route=\/wp\/v2\/posts\/1101127\/revisions"}],"wp:featuredmedia":[{"embeddable":true,"href":"https:\/\/lahoratv.infinitynexus.io\/index.php?rest_route=\/wp\/v2\/media\/500212"}],"wp:attachment":[{"href":"https:\/\/lahoratv.infinitynexus.io\/index.php?rest_route=%2Fwp%2Fv2%2Fmedia&parent=1101127"}],"wp:term":[{"taxonomy":"category","embeddable":true,"href":"https:\/\/lahoratv.infinitynexus.io\/index.php?rest_route=%2Fwp%2Fv2%2Fcategories&post=1101127"},{"taxonomy":"post_tag","embeddable":true,"href":"https:\/\/lahoratv.infinitynexus.io\/index.php?rest_route=%2Fwp%2Fv2%2Ftags&post=1101127"}],"curies":[{"name":"wp","href":"https:\/\/api.w.org\/{rel}","templated":true}]}}