{"id":1101132,"date":"2026-04-10T03:04:43","date_gmt":"2026-04-10T03:04:43","guid":{"rendered":"https:\/\/lahoratvmedia.net\/?p=1217"},"modified":"2026-04-10T03:04:43","modified_gmt":"2026-04-10T03:04:43","slug":"temistocles-montas-advierte-rd-debe-prepararse-para-periodo-de-altos-precios-del-petroleo","status":"publish","type":"post","link":"https:\/\/lahoratv.infinitynexus.io\/?p=1101132","title":{"rendered":"Tem\u00edstocles Mont\u00e1s advierte RD debe prepararse para per\u00edodo de altos precios del petr\u00f3leo"},"content":{"rendered":"<p><img data-recalc-dims=\"1\" decoding=\"async\" src=\"https:\/\/i0.wp.com\/lahoratv.infinitynexus.io\/wp-content\/uploads\/2026\/04\/1775006857stocles-Montas.jpg?w=640&#038;ssl=1\" alt=\"\" \/><\/p>\n<p class=\"MsoNormal\"><strong><span style=\"font-family: &quot;Arial&quot;,sans-serif;\">Santo Domingo. &#8211; <\/span><\/strong><span style=\"font-family: &quot;Arial&quot;,sans-serif;\">El vicepresidente del Partido de la Liberaci&oacute;n Dominicana (PLD), Tem&iacute;stocles Mont&aacute;s, advirti&oacute; este martes que la Rep&uacute;blica Dominicana debe prepararse para enfrentar un per&iacute;odo prolongado de altos precios del petr&oacute;leo, como consecuencia del conflicto internacional y sus efectos sobre la econom&iacute;a mundial.<\/span><\/p>\n<p class=\"MsoNormal\"><span style=\"font-family: &quot;Arial&quot;,sans-serif;\">Mont&aacute;s sostuvo que el pa&iacute;s tendr&aacute; que asumir durante un tiempo considerable el impacto de un escenario energ&eacute;tico adverso, por lo que consider&oacute; necesario adoptar medidas preventivas ante las repercusiones que podr&iacute;a generar en la econom&iacute;a nacional.<\/span><\/p>\n<p class=\"MsoNormal\"><span style=\"font-family: &quot;Arial&quot;,sans-serif;\">El dirigente pol&iacute;tico y economista emiti&oacute; sus declaraciones al participar en el programa Uno M&aacute;s Uno, donde tambi&eacute;n cuestion&oacute; la posici&oacute;n asumida por la Rep&uacute;blica Dominicana en materia de pol&iacute;tica exterior frente al conflicto internacional.<\/span><\/p>\n<p class=\"MsoNormal\"><span style=\"font-family: &quot;Arial&quot;,sans-serif;\">En ese contexto, calific&oacute; como un error de pol&iacute;tica exterior que el pa&iacute;s se haya adherido a una medida impulsada por el presidente de Estados Unidos, Donald Trump, en relaci&oacute;n con la guerra.<\/span><\/p>\n<p class=\"MsoNormal\"><em><span style=\"font-family: &quot;Arial&quot;,sans-serif;\">&ldquo;Un error porque realmente esta guerra es producto de un acto de irresponsabilidad del presidente Trump. Porque &iquest;c&oacute;mo es posible que usted est&eacute; negociando conmigo, llegando a acuerdos y de buena primera usted comienza a tirar tiros en un proceso de negociaci&oacute;n?&rdquo;,<\/span><\/em><span style=\"font-family: &quot;Arial&quot;,sans-serif;\"> expres&oacute; Mont&aacute;s.<\/span><\/p>\n<p class=\"MsoNormal\"><span style=\"font-family: &quot;Arial&quot;,sans-serif;\">De acuerdo con una rese&ntilde;a difundida por la Secretar&iacute;a de Comunicaciones del PLD, el exministro de Econom&iacute;a consider&oacute; que la decisi&oacute;n adoptada por el mandatario estadounidense no deb&iacute;a ser respaldada por otros pa&iacute;ses, al se&ntilde;alar que incluso naciones integrantes de la OTAN han asumido posiciones en ese contexto.<\/span><\/p>\n<p class=\"MsoNormal\"><span style=\"font-family: &quot;Arial&quot;,sans-serif;\">Mont&aacute;s destac&oacute; que la Rep&uacute;blica Dominicana no debi&oacute; comprometerse con esa postura y lament&oacute; que el Partido Revolucionario Moderno (PRM), al que vincul&oacute; con la Internacional Socialista, haya asumido esa posici&oacute;n.<\/span><\/p>\n<p class=\"MsoNormal\"><span style=\"font-family: &quot;Arial&quot;,sans-serif;\">El tambi&eacute;n exfuncionario insisti&oacute; en que el conflicto se extender&aacute; por un tiempo considerable, al afirmar que Ir&aacute;n ha dejado claro que mantendr&aacute; su resistencia, lo que a su juicio prolongar&aacute; los efectos de la guerra sobre el mercado energ&eacute;tico.<\/span><\/p>\n<p class=\"MsoNormal\"><em><span style=\"font-family: &quot;Arial&quot;,sans-serif;\">&ldquo;Por tanto, aqu&iacute; en la Rep&uacute;blica Dominicana tenemos que prepararnos para tener claro que vamos a tener que pasar un tiempo relativamente largo con precios del petr&oacute;leo muy altos&rdquo;,<\/span><\/em><span style=\"font-family: &quot;Arial&quot;,sans-serif;\"> manifest&oacute;.<\/span><\/p>\n<p class=\"MsoNormal\"><span style=\"font-family: &quot;Arial&quot;,sans-serif;\">En ese sentido, cit&oacute; declaraciones de la presidenta del Banco Central Europeo, quien, seg&uacute;n dijo, ha advertido sobre las consecuencias que esta situaci&oacute;n podr&iacute;a generar a nivel econ&oacute;mico y monetario.<\/span><\/p>\n<p class=\"MsoNormal\"><span style=\"font-family: &quot;Arial&quot;,sans-serif;\">Mont&aacute;s reiter&oacute; que el pa&iacute;s debe anticiparse a ese panorama y tomar las medidas necesarias para reducir el impacto de una crisis internacional que, a su juicio, podr&iacute;a prolongarse m&aacute;s de lo previsto.<\/span><\/p>\n<p>&nbsp;<\/p>\n<p class=\"MsoNormal\"><strong><em><span style=\"font-family: &quot;Arial&quot;,sans-serif;\">Por:<\/span><\/em><\/strong><em><span style=\"font-family: &quot;Arial&quot;,sans-serif;\"> M&aacute;lvelin Plasencia&nbsp;<\/span><\/em><\/p>\n","protected":false},"excerpt":{"rendered":"<p>Santo Domingo. &#8211; El vicepresidente del Partido de la Liberaci&oacute;n Dominicana (PLD), Tem&iacute;stocles Mont&aacute;s, advirti&oacute; este martes que la Rep&uacute;blica Dominicana debe prepararse para enfrentar un per&iacute;odo prolongado de altos precios del petr&oacute;leo, como consecuencia del conflicto internacional y sus efectos sobre la econom&iacute;a mundial. Mont&aacute;s sostuvo que el pa&iacute;s tendr&aacute; que asumir durante un [&hellip;]<\/p>\n","protected":false},"author":1,"featured_media":500217,"comment_status":"closed","ping_status":"closed","sticky":false,"template":"","format":"standard","meta":{"_jetpack_memberships_contains_paid_content":false,"footnotes":""},"categories":[10],"tags":[],"class_list":["post-1101132","post","type-post","status-publish","format-standard","has-post-thumbnail","hentry","category-economia"],"jetpack_featured_media_url":"https:\/\/i0.wp.com\/lahoratv.infinitynexus.io\/wp-content\/uploads\/2026\/04\/1775006857stocles-Montas.jpg?fit=990%2C660&ssl=1","jetpack_sharing_enabled":true,"jetpack-related-posts":[],"_links":{"self":[{"href":"https:\/\/lahoratv.infinitynexus.io\/index.php?rest_route=\/wp\/v2\/posts\/1101132","targetHints":{"allow":["GET"]}}],"collection":[{"href":"https:\/\/lahoratv.infinitynexus.io\/index.php?rest_route=\/wp\/v2\/posts"}],"about":[{"href":"https:\/\/lahoratv.infinitynexus.io\/index.php?rest_route=\/wp\/v2\/types\/post"}],"author":[{"embeddable":true,"href":"https:\/\/lahoratv.infinitynexus.io\/index.php?rest_route=\/wp\/v2\/users\/1"}],"replies":[{"embeddable":true,"href":"https:\/\/lahoratv.infinitynexus.io\/index.php?rest_route=%2Fwp%2Fv2%2Fcomments&post=1101132"}],"version-history":[{"count":0,"href":"https:\/\/lahoratv.infinitynexus.io\/index.php?rest_route=\/wp\/v2\/posts\/1101132\/revisions"}],"wp:featuredmedia":[{"embeddable":true,"href":"https:\/\/lahoratv.infinitynexus.io\/index.php?rest_route=\/wp\/v2\/media\/500217"}],"wp:attachment":[{"href":"https:\/\/lahoratv.infinitynexus.io\/index.php?rest_route=%2Fwp%2Fv2%2Fmedia&parent=1101132"}],"wp:term":[{"taxonomy":"category","embeddable":true,"href":"https:\/\/lahoratv.infinitynexus.io\/index.php?rest_route=%2Fwp%2Fv2%2Fcategories&post=1101132"},{"taxonomy":"post_tag","embeddable":true,"href":"https:\/\/lahoratv.infinitynexus.io\/index.php?rest_route=%2Fwp%2Fv2%2Ftags&post=1101132"}],"curies":[{"name":"wp","href":"https:\/\/api.w.org\/{rel}","templated":true}]}}