{"id":1101145,"date":"2026-04-10T03:04:43","date_gmt":"2026-04-10T03:04:43","guid":{"rendered":"https:\/\/lahoratvmedia.net\/?p=1230"},"modified":"2026-04-10T03:04:43","modified_gmt":"2026-04-10T03:04:43","slug":"a-partir-de-hoy-mas-de-5-500-efectivos-internacionales-seran-desplegados-en-haiti-para-enfrentar-pandillas","status":"publish","type":"post","link":"https:\/\/lahoratv.infinitynexus.io\/?p=1101145","title":{"rendered":"A partir de hoy, m\u00e1s de 5,500 efectivos internacionales ser\u00e1n desplegados en Hait\u00ed para enfrentar pandillas"},"content":{"rendered":"<p><img data-recalc-dims=\"1\" decoding=\"async\" src=\"https:\/\/i0.wp.com\/lahoratv.infinitynexus.io\/wp-content\/uploads\/2026\/04\/1775059367ia-de-Haiti-1140x694-1.jpg?w=640&#038;ssl=1\" alt=\"\" \/><\/p>\n<p class=\"MsoNormal\"><span style=\"font-size: 12.0pt; line-height: 107%; font-family: &quot;Cambria&quot;,serif;\">A partir de hoy, m&aacute;s de 5,500 efectivos internacionales comenzar&aacute;n a desplegarse en Hait&iacute; como parte de una nueva misi&oacute;n respaldada por la Organizaci&oacute;n de las Naciones Unidas (ONU), con el objetivo de enfrentar el aumento de la violencia de las pandillas que mantiene en crisis la seguridad del pa&iacute;s.<\/span><\/p>\n<p class=\"MsoNormal\"><span style=\"font-size: 12.0pt; line-height: 107%; font-family: &quot;Cambria&quot;,serif;\">La Fuerza de Represi&oacute;n de las Pandillas (FRG), que sustituir&aacute; a la Misi&oacute;n Multinacional de Apoyo a la Seguridad (MSS), contar&aacute; con militares y polic&iacute;as de distintos pa&iacute;ses y tendr&aacute; un mandato inicial de 12 meses. El canciller dominicano, Roberto &Aacute;lvarez, hab&iacute;a adelantado que uno de los primeros contingentes estar&aacute; integrado por tropas de Chad. <\/span><\/p>\n<p class=\"MsoNormal\"><strong><span style=\"font-size: 12.0pt; line-height: 107%; font-family: &quot;Cambria&quot;,serif;\">El despliegue ocurre en medio de ataques del grupo armado Gran Grif que ha dejado miles de desplazados<\/span><\/strong><\/p>\n<p class=\"MsoNormal\"><span style=\"font-size: 12.0pt; line-height: 107%; font-family: &quot;Cambria&quot;,serif;\">Solo en 2025, m&aacute;s de 5,900 personas murieron y otras 2,700 resultaron heridas en hechos violentos vinculados a bandas armadas, seg&uacute;n datos de la ONU. Adem&aacute;s, al menos 70 personas fallecieron en una reciente masacre ocurrida el pasado fin de semana.<\/span><\/p>\n<p class=\"MsoNormal\"><span style=\"font-size: 12.0pt; line-height: 107%; font-family: &quot;Cambria&quot;,serif;\">Las bandas controlan gran parte de Puerto Pr&iacute;ncipe y han extendido su influencia a otras zonas del pa&iacute;s, generando desplazamientos masivos y una grave crisis humanitaria. Ante este escenario, la comunidad internacional busca reforzar la capacidad del Estado haitiano para recuperar el control del territorio.<\/span><\/p>\n<p class=\"MsoNormal\"><span style=\"font-size: 12.0pt; line-height: 107%; font-family: &quot;Cambria&quot;,serif;\">Sin embargo, el despliegue ha generado escepticismo en sectores de la poblaci&oacute;n haitiana, que cuestionan la efectividad de misiones anteriores y temen que los resultados sean limitados.<\/span><\/p>\n<p class=\"MsoNormal\"><span style=\"font-size: 12.0pt; line-height: 107%; font-family: &quot;Cambria&quot;,serif;\">Pese a las dudas, la misi&oacute;n es considerada clave para restablecer la seguridad y permitir la celebraci&oacute;n de elecciones generales previstas para este a&ntilde;o, en un pa&iacute;s que no celebra comicios desde 2016.<\/span><\/p>\n<p class=\"MsoNormal\">&nbsp;<\/p>\n<p class=\"MsoNormal\"><strong><em><span style=\"font-size: 12.0pt; line-height: 107%; font-family: &quot;Cambria&quot;,serif;\">Por:<\/span><\/em><\/strong><em><span style=\"font-size: 12.0pt; line-height: 107%; font-family: &quot;Cambria&quot;,serif;\"> M&aacute;lvelin Plasencia&nbsp;<\/span><\/em><\/p>\n","protected":false},"excerpt":{"rendered":"<p>A partir de hoy, m&aacute;s de 5,500 efectivos internacionales comenzar&aacute;n a desplegarse en Hait&iacute; como parte de una nueva misi&oacute;n respaldada por la Organizaci&oacute;n de las Naciones Unidas (ONU), con el objetivo de enfrentar el aumento de la violencia de las pandillas que mantiene en crisis la seguridad del pa&iacute;s. La Fuerza de Represi&oacute;n de [&hellip;]<\/p>\n","protected":false},"author":1,"featured_media":500230,"comment_status":"closed","ping_status":"closed","sticky":false,"template":"","format":"standard","meta":{"_jetpack_memberships_contains_paid_content":false,"footnotes":""},"categories":[25],"tags":[],"class_list":["post-1101145","post","type-post","status-publish","format-standard","has-post-thumbnail","hentry","category-internacionales"],"jetpack_featured_media_url":"https:\/\/i0.wp.com\/lahoratv.infinitynexus.io\/wp-content\/uploads\/2026\/04\/1775059367ia-de-Haiti-1140x694-1.jpg?fit=1140%2C694&ssl=1","jetpack_sharing_enabled":true,"jetpack-related-posts":[],"_links":{"self":[{"href":"https:\/\/lahoratv.infinitynexus.io\/index.php?rest_route=\/wp\/v2\/posts\/1101145","targetHints":{"allow":["GET"]}}],"collection":[{"href":"https:\/\/lahoratv.infinitynexus.io\/index.php?rest_route=\/wp\/v2\/posts"}],"about":[{"href":"https:\/\/lahoratv.infinitynexus.io\/index.php?rest_route=\/wp\/v2\/types\/post"}],"author":[{"embeddable":true,"href":"https:\/\/lahoratv.infinitynexus.io\/index.php?rest_route=\/wp\/v2\/users\/1"}],"replies":[{"embeddable":true,"href":"https:\/\/lahoratv.infinitynexus.io\/index.php?rest_route=%2Fwp%2Fv2%2Fcomments&post=1101145"}],"version-history":[{"count":0,"href":"https:\/\/lahoratv.infinitynexus.io\/index.php?rest_route=\/wp\/v2\/posts\/1101145\/revisions"}],"wp:featuredmedia":[{"embeddable":true,"href":"https:\/\/lahoratv.infinitynexus.io\/index.php?rest_route=\/wp\/v2\/media\/500230"}],"wp:attachment":[{"href":"https:\/\/lahoratv.infinitynexus.io\/index.php?rest_route=%2Fwp%2Fv2%2Fmedia&parent=1101145"}],"wp:term":[{"taxonomy":"category","embeddable":true,"href":"https:\/\/lahoratv.infinitynexus.io\/index.php?rest_route=%2Fwp%2Fv2%2Fcategories&post=1101145"},{"taxonomy":"post_tag","embeddable":true,"href":"https:\/\/lahoratv.infinitynexus.io\/index.php?rest_route=%2Fwp%2Fv2%2Ftags&post=1101145"}],"curies":[{"name":"wp","href":"https:\/\/api.w.org\/{rel}","templated":true}]}}