{"id":1101159,"date":"2026-04-10T03:04:43","date_gmt":"2026-04-10T03:04:43","guid":{"rendered":"https:\/\/lahoratvmedia.net\/?p=1244"},"modified":"2026-04-10T03:04:43","modified_gmt":"2026-04-10T03:04:43","slug":"exregidor-de-nigua-acusado-por-abuso-a-nieta-tambien-habria-abusado-hija-de-empleada-domestica","status":"publish","type":"post","link":"https:\/\/lahoratv.infinitynexus.io\/?p=1101159","title":{"rendered":"Exregidor de Nigua acusado por abuso a nieta, tambi\u00e9n habr\u00eda abusado hija de empleada dom\u00e9stica"},"content":{"rendered":"<p><img data-recalc-dims=\"1\" decoding=\"async\" src=\"https:\/\/i0.wp.com\/lahoratv.infinitynexus.io\/wp-content\/uploads\/2026\/04\/1775095915ddc-872b-45df-8bbc-5d34d36a1f47.jpg?w=640&#038;ssl=1\" alt=\"\" \/><\/p>\n<p class=\"MsoNormal\"><strong>San Crist&oacute;bal .&ndash;<\/strong> El exregidor de Nigua, &Aacute;ngel Mar&iacute;a &Aacute;lvarez Peguero (Enrique) enfrenta una nueva acusaci&oacute;n de abuso sexual contra una ni&ntilde;a de aproximadamente 10 a&ntilde;os, hija de su empleada dom&eacute;stica, seg&uacute;n un expediente de solicitud de medida de coerci&oacute;n.<\/p>\n<p class=\"MsoNormal\">El documento se&ntilde;ala que los hechos habr&iacute;an ocurrido entre 2021 y 2022 en la vivienda del imputado, ubicada en la calle Las Mercedes, en Boca de Nigua.<\/p>\n<p class=\"MsoNormal\">De acuerdo con la investigaci&oacute;n, el acusado presuntamente aprovechaba momentos en que la madre de la menor realizaba labores de limpieza en la residencia, mientras su esposa se encontraba en la cocina para quedarse a solas con la ni&ntilde;a en el patio.<\/p>\n<p class=\"MsoNormal\">La madre de la menor es hermana de crianza de la esposa del imputado, lo que seg&uacute;n el expediente facilit&oacute; una relaci&oacute;n de confianza, ya que la ni&ntilde;a lo consideraba un t&iacute;o.<\/p>\n<p class=\"MsoNormal\">El Ministerio P&uacute;blico sostiene que el exfuncionario habr&iacute;a realizado tocamientos indebidos y obligado a la menor a adoptar posiciones corporales de car&aacute;cter delictivo.<\/p>\n<p class=\"MsoNormal\">La audiencia para conocer la medida de coerci&oacute;n fue aplazada para el d&iacute;a 8 de abril, cuando se presentar&aacute;n pruebas y testimonios.<\/p>\n<p class=\"MsoNormal\">&Aacute;lvarez Peguero tambi&eacute;n enfrenta otro proceso judicial, en el que cumple tres meses de prisi&oacute;n preventiva, acusado de presuntamente abusar de su nieta menor de edad.<\/p>\n<p>&nbsp;<\/p>\n<p class=\"MsoNormal\"><strong><em>Por:<\/em><\/strong><em> M&aacute;lvelin Plasencia&nbsp;<\/em><\/p>\n","protected":false},"excerpt":{"rendered":"<p>San Crist&oacute;bal .&ndash; El exregidor de Nigua, &Aacute;ngel Mar&iacute;a &Aacute;lvarez Peguero (Enrique) enfrenta una nueva acusaci&oacute;n de abuso sexual contra una ni&ntilde;a de aproximadamente 10 a&ntilde;os, hija de su empleada dom&eacute;stica, seg&uacute;n un expediente de solicitud de medida de coerci&oacute;n. El documento se&ntilde;ala que los hechos habr&iacute;an ocurrido entre 2021 y 2022 en la vivienda [&hellip;]<\/p>\n","protected":false},"author":1,"featured_media":500244,"comment_status":"closed","ping_status":"closed","sticky":false,"template":"","format":"standard","meta":{"_jetpack_memberships_contains_paid_content":false,"footnotes":""},"categories":[21],"tags":[],"class_list":["post-1101159","post","type-post","status-publish","format-standard","has-post-thumbnail","hentry","category-nacionales"],"jetpack_featured_media_url":"https:\/\/i0.wp.com\/lahoratv.infinitynexus.io\/wp-content\/uploads\/2026\/04\/1775095915ddc-872b-45df-8bbc-5d34d36a1f47.jpg?fit=768%2C423&ssl=1","jetpack_sharing_enabled":true,"jetpack-related-posts":[],"_links":{"self":[{"href":"https:\/\/lahoratv.infinitynexus.io\/index.php?rest_route=\/wp\/v2\/posts\/1101159","targetHints":{"allow":["GET"]}}],"collection":[{"href":"https:\/\/lahoratv.infinitynexus.io\/index.php?rest_route=\/wp\/v2\/posts"}],"about":[{"href":"https:\/\/lahoratv.infinitynexus.io\/index.php?rest_route=\/wp\/v2\/types\/post"}],"author":[{"embeddable":true,"href":"https:\/\/lahoratv.infinitynexus.io\/index.php?rest_route=\/wp\/v2\/users\/1"}],"replies":[{"embeddable":true,"href":"https:\/\/lahoratv.infinitynexus.io\/index.php?rest_route=%2Fwp%2Fv2%2Fcomments&post=1101159"}],"version-history":[{"count":0,"href":"https:\/\/lahoratv.infinitynexus.io\/index.php?rest_route=\/wp\/v2\/posts\/1101159\/revisions"}],"wp:featuredmedia":[{"embeddable":true,"href":"https:\/\/lahoratv.infinitynexus.io\/index.php?rest_route=\/wp\/v2\/media\/500244"}],"wp:attachment":[{"href":"https:\/\/lahoratv.infinitynexus.io\/index.php?rest_route=%2Fwp%2Fv2%2Fmedia&parent=1101159"}],"wp:term":[{"taxonomy":"category","embeddable":true,"href":"https:\/\/lahoratv.infinitynexus.io\/index.php?rest_route=%2Fwp%2Fv2%2Fcategories&post=1101159"},{"taxonomy":"post_tag","embeddable":true,"href":"https:\/\/lahoratv.infinitynexus.io\/index.php?rest_route=%2Fwp%2Fv2%2Ftags&post=1101159"}],"curies":[{"name":"wp","href":"https:\/\/api.w.org\/{rel}","templated":true}]}}