{"id":1101212,"date":"2026-04-10T03:04:43","date_gmt":"2026-04-10T03:04:43","guid":{"rendered":"https:\/\/lahoratvmedia.net\/?p=1298"},"modified":"2026-04-10T03:04:43","modified_gmt":"2026-04-10T03:04:43","slug":"conocen-coercion-contra-coronel-made-por-presunta-agresion-a-joven-en-los-mina-sde","status":"publish","type":"post","link":"https:\/\/lahoratv.infinitynexus.io\/?p=1101212","title":{"rendered":"Conocen coerci\u00f3n contra coronel Mad\u00e9 por presunta agresi\u00f3n a joven en Los Mina, SDE"},"content":{"rendered":"<p><img data-recalc-dims=\"1\" decoding=\"async\" src=\"https:\/\/i0.wp.com\/lahoratv.infinitynexus.io\/wp-content\/uploads\/2026\/04\/1775576924554-8898-40f5-a0ea-5f45a35a1da4.jpg?w=640&#038;ssl=1\" alt=\"\" \/><\/p>\n<p class=\"MsoNormal\"><strong><span style=\"font-size: 12.0pt; line-height: 107%; font-family: &quot;Arial&quot;,sans-serif;\">Santo Domingo. &#8211;<\/span><\/strong><span style=\"font-size: 12.0pt; line-height: 107%; font-family: &quot;Arial&quot;,sans-serif;\"> La Oficina de Servicios de Atenci&oacute;n Permanente de Santo Domingo Este conoce este martes la medida de coerci&oacute;n contra el coronel policial Fausto Mad&eacute; Ram&iacute;rez, quien es imputado de agredir f&iacute;sicamente a una joven en el sector Los Minas.<\/span><\/p>\n<p class=\"MsoNormal\"><span style=\"font-size: 12.0pt; line-height: 107%; font-family: &quot;Arial&quot;,sans-serif;\">La medida es conocida por el juez Leomar Quezada.<\/span><\/p>\n<p class=\"MsoNormal\"><span style=\"font-size: 12.0pt; line-height: 107%; font-family: &quot;Arial&quot;,sans-serif;\">Mad&eacute; Ram&iacute;rez fue arrestado la madrugada del pasado jueves en virtud de una orden judicial en su contra, por haber agredido a Charlice Altagracia Hern&aacute;ndez, de 19 a&ntilde;os.<\/span><\/p>\n<p class=\"MsoNormal\"><span style=\"font-size: 12.0pt; line-height: 107%; font-family: &quot;Arial&quot;,sans-serif;\">El suceso, que fue captado en un video y se viraliz&oacute; en redes sociales, ha generado atenci&oacute;n en la opini&oacute;n p&uacute;blica debido a la investidura del imputado como miembro activo del cuerpo policial.<\/span><\/p>\n<p class=\"MsoNormal\"><span style=\"font-size: 12.0pt; line-height: 107%; font-family: &quot;Arial&quot;,sans-serif;\">Seg&uacute;n denuncia, el imputado es reincidente en ese tipo de acciones violentas durante el ejercicio de sus funciones.<\/span><\/p>\n<p>&nbsp;<\/p>\n<p class=\"MsoNormal\"><strong><em><span style=\"font-size: 12.0pt; line-height: 107%; font-family: &quot;Arial&quot;,sans-serif;\">Por:<\/span><\/em><\/strong><em><span style=\"font-size: 12.0pt; line-height: 107%; font-family: &quot;Arial&quot;,sans-serif;\"> M&aacute;lvelin Plasencia&nbsp;<\/span><\/em><\/p>\n","protected":false},"excerpt":{"rendered":"<p>Santo Domingo. &#8211; La Oficina de Servicios de Atenci&oacute;n Permanente de Santo Domingo Este conoce este martes la medida de coerci&oacute;n contra el coronel policial Fausto Mad&eacute; Ram&iacute;rez, quien es imputado de agredir f&iacute;sicamente a una joven en el sector Los Minas. La medida es conocida por el juez Leomar Quezada. Mad&eacute; Ram&iacute;rez fue arrestado [&hellip;]<\/p>\n","protected":false},"author":1,"featured_media":500298,"comment_status":"closed","ping_status":"closed","sticky":false,"template":"","format":"standard","meta":{"_jetpack_memberships_contains_paid_content":false,"footnotes":""},"categories":[21],"tags":[],"class_list":["post-1101212","post","type-post","status-publish","format-standard","has-post-thumbnail","hentry","category-nacionales"],"jetpack_featured_media_url":"https:\/\/i0.wp.com\/lahoratv.infinitynexus.io\/wp-content\/uploads\/2026\/04\/1775576924554-8898-40f5-a0ea-5f45a35a1da4.jpg?fit=905%2C540&ssl=1","jetpack_sharing_enabled":true,"jetpack-related-posts":[],"_links":{"self":[{"href":"https:\/\/lahoratv.infinitynexus.io\/index.php?rest_route=\/wp\/v2\/posts\/1101212","targetHints":{"allow":["GET"]}}],"collection":[{"href":"https:\/\/lahoratv.infinitynexus.io\/index.php?rest_route=\/wp\/v2\/posts"}],"about":[{"href":"https:\/\/lahoratv.infinitynexus.io\/index.php?rest_route=\/wp\/v2\/types\/post"}],"author":[{"embeddable":true,"href":"https:\/\/lahoratv.infinitynexus.io\/index.php?rest_route=\/wp\/v2\/users\/1"}],"replies":[{"embeddable":true,"href":"https:\/\/lahoratv.infinitynexus.io\/index.php?rest_route=%2Fwp%2Fv2%2Fcomments&post=1101212"}],"version-history":[{"count":0,"href":"https:\/\/lahoratv.infinitynexus.io\/index.php?rest_route=\/wp\/v2\/posts\/1101212\/revisions"}],"wp:featuredmedia":[{"embeddable":true,"href":"https:\/\/lahoratv.infinitynexus.io\/index.php?rest_route=\/wp\/v2\/media\/500298"}],"wp:attachment":[{"href":"https:\/\/lahoratv.infinitynexus.io\/index.php?rest_route=%2Fwp%2Fv2%2Fmedia&parent=1101212"}],"wp:term":[{"taxonomy":"category","embeddable":true,"href":"https:\/\/lahoratv.infinitynexus.io\/index.php?rest_route=%2Fwp%2Fv2%2Fcategories&post=1101212"},{"taxonomy":"post_tag","embeddable":true,"href":"https:\/\/lahoratv.infinitynexus.io\/index.php?rest_route=%2Fwp%2Fv2%2Ftags&post=1101212"}],"curies":[{"name":"wp","href":"https:\/\/api.w.org\/{rel}","templated":true}]}}