{"id":1101213,"date":"2026-04-10T03:04:43","date_gmt":"2026-04-10T03:04:43","guid":{"rendered":"https:\/\/lahoratvmedia.net\/?p=1299"},"modified":"2026-04-10T03:04:43","modified_gmt":"2026-04-10T03:04:43","slug":"dictan-tres-meses-de-prision-preventiva-contra-coronel-made-por-caso-de-agresion-a-joven","status":"publish","type":"post","link":"https:\/\/lahoratv.infinitynexus.io\/?p=1101213","title":{"rendered":"Dictan tres meses de prisi\u00f3n preventiva contra coronel Mad\u00e9 por caso de agresi\u00f3n a joven"},"content":{"rendered":"<p><img data-recalc-dims=\"1\" decoding=\"async\" src=\"https:\/\/i0.wp.com\/lahoratv.infinitynexus.io\/wp-content\/uploads\/2026\/04\/1775579854c1a-3db9-4cdc-9863-0bbace761212.jpg?w=640&#038;ssl=1\" alt=\"\" \/><\/p>\n<p class=\"MsoNormal\"><strong><span style=\"font-size: 12.0pt; line-height: 107%; font-family: &quot;Arial&quot;,sans-serif;\">Santo Domingo Este.&ndash;<\/span><\/strong><span style=\"font-size: 12pt; line-height: 107%; font-family: Arial, sans-serif;\"> La Oficina de Atenci&oacute;n Permanente de Santo Domingo Este impuso tres meses de prisi&oacute;n preventiva contra el suspendido coronel de la Polic&iacute;a Nacional, Fausto Mad&eacute; Ram&iacute;rez, acusado de presuntamente agredir a una joven en el sector Los Mina.<\/span><\/p>\n<p class=\"MsoNormal\"><span style=\"font-size: 12.0pt; line-height: 107%; font-family: &quot;Arial&quot;,sans-serif;\">Mad&eacute; Ram&iacute;rez fue enviado a la c&aacute;rcel de Operaciones Especiales tras ser acusado de agredir a la joven Charlizze Altagracia Hern&aacute;ndez Monegro.<\/span><\/p>\n<p class=\"MsoNormal\"><span style=\"font-size: 12.0pt; line-height: 107%; font-family: &quot;Arial&quot;,sans-serif;\">La medida fue dictada como coerci&oacute;n mientras avanzan las investigaciones en torno al caso, que ha generado atenci&oacute;n p&uacute;blica tras la difusi&oacute;n de un video del incidente en redes sociales.<\/span><\/p>\n<p class=\"MsoNormal\"><strong><span style=\"font-size: 12.0pt; line-height: 107%; font-family: &quot;Arial&quot;,sans-serif;\">Acusaciones contra el coronel<\/span><\/strong><\/p>\n<p class=\"MsoNormal\"><span style=\"font-size: 12.0pt; line-height: 107%; font-family: &quot;Arial&quot;,sans-serif;\">Mad&eacute; Ram&iacute;rez es se&ntilde;alado de agredir f&iacute;sicamente a Charlizze Altagracia Hern&aacute;ndez Monegro, de 19 a&ntilde;os, en un hecho ocurrido en d&iacute;as recientes, por el cual fue arrestado mediante orden judicial.<\/span><\/p>\n<p class=\"MsoNormal\"><span style=\"font-size: 12.0pt; line-height: 107%; font-family: &quot;Arial&quot;,sans-serif;\">El proceso continuar&aacute; en los tribunales correspondientes, donde se determinar&aacute;n las responsabilidades penales del imputado.<\/span><\/p>\n<p>&nbsp;<\/p>\n<p class=\"MsoNormal\"><strong><em><span style=\"font-size: 12.0pt; line-height: 107%; font-family: &quot;Arial&quot;,sans-serif;\">Por:<\/span><\/em><\/strong><em><span style=\"font-size: 12.0pt; line-height: 107%; font-family: &quot;Arial&quot;,sans-serif;\"> M&aacute;lvelin Plasencia&nbsp;<\/span><\/em><\/p>\n","protected":false},"excerpt":{"rendered":"<p>Santo Domingo Este.&ndash; La Oficina de Atenci&oacute;n Permanente de Santo Domingo Este impuso tres meses de prisi&oacute;n preventiva contra el suspendido coronel de la Polic&iacute;a Nacional, Fausto Mad&eacute; Ram&iacute;rez, acusado de presuntamente agredir a una joven en el sector Los Mina. Mad&eacute; Ram&iacute;rez fue enviado a la c&aacute;rcel de Operaciones Especiales tras ser acusado de [&hellip;]<\/p>\n","protected":false},"author":1,"featured_media":500299,"comment_status":"closed","ping_status":"closed","sticky":false,"template":"","format":"standard","meta":{"_jetpack_memberships_contains_paid_content":false,"footnotes":""},"categories":[21],"tags":[],"class_list":["post-1101213","post","type-post","status-publish","format-standard","has-post-thumbnail","hentry","category-nacionales"],"jetpack_featured_media_url":"https:\/\/i0.wp.com\/lahoratv.infinitynexus.io\/wp-content\/uploads\/2026\/04\/1775579854c1a-3db9-4cdc-9863-0bbace761212.jpg?fit=1284%2C1284&ssl=1","jetpack_sharing_enabled":true,"jetpack-related-posts":[],"_links":{"self":[{"href":"https:\/\/lahoratv.infinitynexus.io\/index.php?rest_route=\/wp\/v2\/posts\/1101213","targetHints":{"allow":["GET"]}}],"collection":[{"href":"https:\/\/lahoratv.infinitynexus.io\/index.php?rest_route=\/wp\/v2\/posts"}],"about":[{"href":"https:\/\/lahoratv.infinitynexus.io\/index.php?rest_route=\/wp\/v2\/types\/post"}],"author":[{"embeddable":true,"href":"https:\/\/lahoratv.infinitynexus.io\/index.php?rest_route=\/wp\/v2\/users\/1"}],"replies":[{"embeddable":true,"href":"https:\/\/lahoratv.infinitynexus.io\/index.php?rest_route=%2Fwp%2Fv2%2Fcomments&post=1101213"}],"version-history":[{"count":0,"href":"https:\/\/lahoratv.infinitynexus.io\/index.php?rest_route=\/wp\/v2\/posts\/1101213\/revisions"}],"wp:featuredmedia":[{"embeddable":true,"href":"https:\/\/lahoratv.infinitynexus.io\/index.php?rest_route=\/wp\/v2\/media\/500299"}],"wp:attachment":[{"href":"https:\/\/lahoratv.infinitynexus.io\/index.php?rest_route=%2Fwp%2Fv2%2Fmedia&parent=1101213"}],"wp:term":[{"taxonomy":"category","embeddable":true,"href":"https:\/\/lahoratv.infinitynexus.io\/index.php?rest_route=%2Fwp%2Fv2%2Fcategories&post=1101213"},{"taxonomy":"post_tag","embeddable":true,"href":"https:\/\/lahoratv.infinitynexus.io\/index.php?rest_route=%2Fwp%2Fv2%2Ftags&post=1101213"}],"curies":[{"name":"wp","href":"https:\/\/api.w.org\/{rel}","templated":true}]}}